{"id":33390,"date":"2025-01-28T15:44:41","date_gmt":"2025-01-28T14:44:41","guid":{"rendered":"https:\/\/www.secartys.org\/?p=33390"},"modified":"2025-01-28T15:51:30","modified_gmt":"2025-01-28T14:51:30","slug":"secartys-refuerza-su-compromiso-con-la-sostenibilidad-al-unirse-a-la-alianca-catalunya-2030","status":"publish","type":"post","link":"https:\/\/www.secartys.org\/ca\/secartys-refuerza-su-compromiso-con-la-sostenibilidad-al-unirse-a-la-alianca-catalunya-2030\/","title":{"rendered":"Secartys refuerza su compromiso con la sostenibilidad al unirse a la Alian\u00e7a Catalunya 2030"},"content":{"rendered":"\t\t<div data-elementor-type=\"wp-post\" data-elementor-id=\"33390\" class=\"elementor elementor-33390 elementor-33386\">\n\t\t\t\t\t\t<section class=\"elementor-section elementor-top-section elementor-element elementor-element-454e78c elementor-section-boxed elementor-section-height-default elementor-section-height-default parallax_section_no qode_elementor_container_no\" data-id=\"454e78c\" data-element_type=\"section\">\n\t\t\t\t\t\t<div class=\"elementor-container elementor-column-gap-default\">\n\t\t\t\t\t<div class=\"elementor-column elementor-col-100 elementor-top-column elementor-element elementor-element-ed9c816\" data-id=\"ed9c816\" data-element_type=\"column\">\n\t\t\t<div class=\"elementor-widget-wrap elementor-element-populated\">\n\t\t\t\t\t\t<div class=\"elementor-element elementor-element-c8616f3 elementor-widget elementor-widget-text-editor\" data-id=\"c8616f3\" data-element_type=\"widget\" data-widget_type=\"text-editor.default\">\n\t\t\t\t<div class=\"elementor-widget-container\">\n\t\t\t\t\t\t\t\t\t<p><font color=\"#000000\">El pasado viernes, <b>Secartys <\/b>formaliz\u00f3 su adhesi\u00f3n a la&nbsp;<\/font><a href=\"https:\/\/cads.gencat.cat\/ca\/alianca\/que-es\/\" target=\"_blank\"><u>Alian\u00e7a Catalunya 2030<\/u><\/a><font color=\"#000000\">&nbsp;durante la&nbsp;<\/font><a href=\"https:\/\/govern.cat\/salapremsa\/notes-premsa\/675402\/cluster-lenergia-eficient-catalunya-ceec-lassociacio-empresarial-secartys-sincorporen-lalianca-catalunya-2030\" target=\"_blank\"><u>12\u00aa reuni\u00f3n plenaria de esta iniciativa<\/u><\/a><font color=\"#000000\">, que busca acercar los Objetivos de Desarrollo Sostenible (ODS) de la Agenda 2030 al tejido empresarial y social de Catalu\u00f1a. El evento, celebrado en Barcelona, reuni\u00f3 a representantes de administraciones p\u00fablicas, empresas y entidades clave comprometidas con la sostenibilidad. Con esta firma, <b>Secartys <\/b>pasa a formar parte de un grupo de 86 organizaciones catalanas que trabajan conjuntamente para impulsar los ODS en la regi\u00f3n.&nbsp;<\/font><\/p>\n<p><span>Nuestro director general, <b>Jordi Ortiz<\/b>, destac\u00f3 en su discurso que esta adhesi\u00f3n supone un paso m\u00e1s en la trayectoria de <b>Secartys<\/b>, reafirmando que la sostenibilidad es un pilar fundamental de nuestra misi\u00f3n como asociaci\u00f3n empresarial. En este contexto, present\u00f3 los compromisos concretos que asumimos para alinear nuestras actividades con los principios de la <b>Agenda 2030<\/b>:&nbsp;<\/span><\/p>\n<p><ul><li><span><b>Fomentar alianzas estrat\u00e9gicas: <\/b>Seguiremos promoviendo colaboraciones clave, tanto entre empresas como con agentes relevantes del \u00e1mbito de la sostenibilidad, como la Alian\u00e7a Catalunya 2030 y el Pacto Mundial de la ONU. Estas alianzas permiten multiplicar los esfuerzos e impactos positivos.<\/span><\/li><li><font color=\"#000000\"><b>Impulsar la igualdad de g\u00e9nero:<\/b> A trav\u00e9s de diferentes iniciativas, trabajamos para visibilizar el talento femenino en sectores tecnol\u00f3gicos e industriales. Adem\u00e1s, estamos elaborando un Plan de Igualdad interno y lanzando campa\u00f1as y formaciones espec\u00edficas para sensibilizar sobre esta realidad.<\/font><\/li><li><font color=\"#000000\"><b>Promover la conciliaci\u00f3n y el bienestar laboral:<\/b> Apostamos por medidas como la flexibilidad horaria y el teletrabajo, as\u00ed como por la creaci\u00f3n de una Comisi\u00f3n de Sostenibilidad con representaci\u00f3n de todos los equipos para asegurar que este enfoque sea transversal en nuestra cultura organizativa.<\/font><\/li><li><font color=\"#000000\"><b>Facilitar la transici\u00f3n energ\u00e9tica: <\/b>Desde SOLARTYS, lideramos proyectos como la Oficina de Transici\u00f3n Energ\u00e9tica, que organiza actividades formativas sobre normativas emergentes como la CSRD, las Comunidades Energ\u00e9ticas y las energ\u00edas renovables, ayudando a las empresas a adoptar modelos m\u00e1s sostenibles y responsables.<\/font><\/li><li><font color=\"#000000\"><b>Ofrecer formaci\u00f3n y sensibilizaci\u00f3n en sostenibilidad: <\/b>Organizaremos sesiones espec\u00edficas para nuestros socios, con tem\u00e1ticas que van desde los certificados de ahorro energ\u00e9tico hasta el pasaporte digital de producto. Estas acciones buscan no solo informar, sino tambi\u00e9n fomentar pr\u00e1cticas concretas que contribuyan a los ODS.<\/font><\/li><li><font color=\"#000000\"><b>Desarrollar proyectos de innovaci\u00f3n sostenible:<\/b> Iniciativas como GREENPULSA, nuestra Oficina de Acompa\u00f1amiento en Sostenibilidad, y GREENPACTO, uno de los eventos de referencia en sostenibilidad empresarial, son ejemplos de nuestro compromiso con la sostenibilidad como motor de innovaci\u00f3n.<\/font><\/li><\/ul><div><font color=\"#000000\"><br><\/font><\/div><span>Esta adhesi\u00f3n refuerza el camino que llevamos recorriendo desde hace a\u00f1os. Para <b>Secartys<\/b>, la sostenibilidad no es solo una estrategia, sino un compromiso firme con un futuro m\u00e1s justo, inclusivo y respetuoso con el entorno. Sabemos que este reto global requiere de esfuerzos conjuntos y que nadie puede recorrerlo en solitario. Por ello, sumar nuestra experiencia a la <b>Alian\u00e7a Catalunya 2030<\/b> es motivo de orgullo y una oportunidad para construir, junto a otros actores clave, un impacto positivo m\u00e1s amplio.<\/span><\/p>\t\t\t\t\t\t\t\t<\/div>\n\t\t\t\t<\/div>\n\t\t\t\t\t<\/div>\n\t\t<\/div>\n\t\t\t\t\t<\/div>\n\t\t<\/section>\n\t\t\t\t<\/div>\n\t\t","protected":false},"excerpt":{"rendered":"<p>El pasado viernes, Secartys formaliz\u00f3 su adhesi\u00f3n a la&nbsp;Alian\u00e7a Catalunya 2030&nbsp;durante la&nbsp;12\u00aa reuni\u00f3n plenaria de esta iniciativa, que busca acercar los Objetivos de Desarrollo Sostenible (ODS) de la Agenda 2030 al tejido empresarial y social de Catalu\u00f1a. El evento, celebrado en Barcelona, reuni\u00f3 a representantes&#8230;<\/p>\n","protected":false},"author":1,"featured_media":33393,"comment_status":"closed","ping_status":"open","sticky":false,"template":"","format":"standard","meta":{"footnotes":""},"categories":[674,675,676,677,678,679],"tags":[681,720,721,694,722],"class_list":["post-33390","post","type-post","status-publish","format-standard","has-post-thumbnail","hentry","category-contenido-electronica-ca","category-contenido-ferias-y-congresos-ca","category-contenido-internacionalizacion-ca","category-contenido-secartys-ca","category-contenido-socios-secartys-ca","category-contenido-sostenibilidad-ca","tag-colaboracionempresarial-ca","tag-agenda2030-ca","tag-cads-ca","tag-networking-ca","tag-sostenibilidad-ca"],"yoast_head":"<!-- This site is optimized with the Yoast SEO plugin v26.5 - https:\/\/yoast.com\/wordpress\/plugins\/seo\/ -->\n<title>Secartys refuerza su compromiso con la sostenibilidad al unirse a la Alian\u00e7a Catalunya 2030 | Secartys<\/title>\n<meta name=\"description\" content=\"El pasado viernes, Secartys formaliz\u00f3 su adhesi\u00f3n a la Alian\u00e7a Catalunya 2030 durante la 12\u00aa reuni\u00f3n plenaria de esta iniciativa, que busca acercar los Objetivos de Desarrollo Sostenible (ODS) de la Agenda 2030 al tejido empresarial y social de Catalu\u00f1a. El evento, celebrado en Barcelona, reuni\u00f3 a representantes de administraciones p\u00fablicas, empresas y entidades clave comprometidas con la sostenibilidad. Con esta firma, Secartys pasa a formar parte de un grupo de 86 organizaciones catalanas que trabajan conjuntamente para impulsar los ODS en la regi\u00f3n.\" \/>\n<meta name=\"robots\" content=\"index, follow, max-snippet:-1, max-image-preview:large, max-video-preview:-1\" \/>\n<link rel=\"canonical\" href=\"https:\/\/www.secartys.org\/ca\/secartys-refuerza-su-compromiso-con-la-sostenibilidad-al-unirse-a-la-alianca-catalunya-2030\/\" \/>\n<meta property=\"og:locale\" content=\"ca_ES\" \/>\n<meta property=\"og:type\" content=\"article\" \/>\n<meta property=\"og:title\" content=\"Secartys refuerza su compromiso con la sostenibilidad al unirse a la Alian\u00e7a Catalunya 2030 | Secartys\" \/>\n<meta property=\"og:description\" content=\"El pasado viernes, Secartys formaliz\u00f3 su adhesi\u00f3n a la Alian\u00e7a Catalunya 2030 durante la 12\u00aa reuni\u00f3n plenaria de esta iniciativa, que busca acercar los Objetivos de Desarrollo Sostenible (ODS) de la Agenda 2030 al tejido empresarial y social de Catalu\u00f1a. El evento, celebrado en Barcelona, reuni\u00f3 a representantes de administraciones p\u00fablicas, empresas y entidades clave comprometidas con la sostenibilidad. Con esta firma, Secartys pasa a formar parte de un grupo de 86 organizaciones catalanas que trabajan conjuntamente para impulsar los ODS en la regi\u00f3n.\" \/>\n<meta property=\"og:url\" content=\"https:\/\/www.secartys.org\/ca\/secartys-refuerza-su-compromiso-con-la-sostenibilidad-al-unirse-a-la-alianca-catalunya-2030\/\" \/>\n<meta property=\"og:site_name\" content=\"Secartys\" \/>\n<meta property=\"article:published_time\" content=\"2025-01-28T14:44:41+00:00\" \/>\n<meta property=\"article:modified_time\" content=\"2025-01-28T14:51:30+00:00\" \/>\n<meta property=\"og:image\" content=\"https:\/\/www.secartys.org\/wp-content\/uploads\/1.jpeg\" \/>\n\t<meta property=\"og:image:width\" content=\"1536\" \/>\n\t<meta property=\"og:image:height\" content=\"2048\" \/>\n\t<meta property=\"og:image:type\" content=\"image\/jpeg\" \/>\n<meta name=\"author\" content=\"Secartys\" \/>\n<meta name=\"twitter:card\" content=\"summary_large_image\" \/>\n<meta name=\"twitter:creator\" content=\"@Secartys\" \/>\n<meta name=\"twitter:site\" content=\"@SECARTYS\" \/>\n<meta name=\"twitter:label1\" content=\"Escrit per\" \/>\n\t<meta name=\"twitter:data1\" content=\"Secartys\" \/>\n\t<meta name=\"twitter:label2\" content=\"Temps estimat de lectura\" \/>\n\t<meta name=\"twitter:data2\" content=\"6 minuts\" \/>\n<script type=\"application\/ld+json\" class=\"yoast-schema-graph\">{\"@context\":\"https:\/\/schema.org\",\"@graph\":[{\"@type\":\"Article\",\"@id\":\"https:\/\/www.secartys.org\/ca\/secartys-refuerza-su-compromiso-con-la-sostenibilidad-al-unirse-a-la-alianca-catalunya-2030\/#article\",\"isPartOf\":{\"@id\":\"https:\/\/www.secartys.org\/ca\/secartys-refuerza-su-compromiso-con-la-sostenibilidad-al-unirse-a-la-alianca-catalunya-2030\/\"},\"author\":{\"name\":\"Secartys\",\"@id\":\"https:\/\/www.secartys.org\/es\/#\/schema\/person\/3ec92591105bc3394dd3e84577929c80\"},\"headline\":\"Secartys refuerza su compromiso con la sostenibilidad al unirse a la Alian\u00e7a Catalunya 2030\",\"datePublished\":\"2025-01-28T14:44:41+00:00\",\"dateModified\":\"2025-01-28T14:51:30+00:00\",\"mainEntityOfPage\":{\"@id\":\"https:\/\/www.secartys.org\/ca\/secartys-refuerza-su-compromiso-con-la-sostenibilidad-al-unirse-a-la-alianca-catalunya-2030\/\"},\"wordCount\":522,\"publisher\":{\"@id\":\"https:\/\/www.secartys.org\/es\/#organization\"},\"image\":{\"@id\":\"https:\/\/www.secartys.org\/ca\/secartys-refuerza-su-compromiso-con-la-sostenibilidad-al-unirse-a-la-alianca-catalunya-2030\/#primaryimage\"},\"thumbnailUrl\":\"https:\/\/www.secartys.org\/wp-content\/uploads\/1.jpeg\",\"keywords\":[\"#Colaboraci\u00f3nEmpresarial\",\"Agenda2030\",\"CADS\",\"networking\",\"sostenibilidad\"],\"articleSection\":[\"Electr\u00f3nica\",\"Ferias y Congresos\",\"Internacionalizaci\u00f3n\",\"Secartys\",\"Socios Secartys\",\"Sostenibilidad\"],\"inLanguage\":\"ca\"},{\"@type\":\"WebPage\",\"@id\":\"https:\/\/www.secartys.org\/ca\/secartys-refuerza-su-compromiso-con-la-sostenibilidad-al-unirse-a-la-alianca-catalunya-2030\/\",\"url\":\"https:\/\/www.secartys.org\/ca\/secartys-refuerza-su-compromiso-con-la-sostenibilidad-al-unirse-a-la-alianca-catalunya-2030\/\",\"name\":\"Secartys refuerza su compromiso con la sostenibilidad al unirse a la Alian\u00e7a Catalunya 2030 | Secartys\",\"isPartOf\":{\"@id\":\"https:\/\/www.secartys.org\/es\/#website\"},\"primaryImageOfPage\":{\"@id\":\"https:\/\/www.secartys.org\/ca\/secartys-refuerza-su-compromiso-con-la-sostenibilidad-al-unirse-a-la-alianca-catalunya-2030\/#primaryimage\"},\"image\":{\"@id\":\"https:\/\/www.secartys.org\/ca\/secartys-refuerza-su-compromiso-con-la-sostenibilidad-al-unirse-a-la-alianca-catalunya-2030\/#primaryimage\"},\"thumbnailUrl\":\"https:\/\/www.secartys.org\/wp-content\/uploads\/1.jpeg\",\"datePublished\":\"2025-01-28T14:44:41+00:00\",\"dateModified\":\"2025-01-28T14:51:30+00:00\",\"description\":\"El pasado viernes, Secartys formaliz\u00f3 su adhesi\u00f3n a la Alian\u00e7a Catalunya 2030 durante la 12\u00aa reuni\u00f3n plenaria de esta iniciativa, que busca acercar los Objetivos de Desarrollo Sostenible (ODS) de la Agenda 2030 al tejido empresarial y social de Catalu\u00f1a. El evento, celebrado en Barcelona, reuni\u00f3 a representantes de administraciones p\u00fablicas, empresas y entidades clave comprometidas con la sostenibilidad. Con esta firma, Secartys pasa a formar parte de un grupo de 86 organizaciones catalanas que trabajan conjuntamente para impulsar los ODS en la regi\u00f3n.\",\"breadcrumb\":{\"@id\":\"https:\/\/www.secartys.org\/ca\/secartys-refuerza-su-compromiso-con-la-sostenibilidad-al-unirse-a-la-alianca-catalunya-2030\/#breadcrumb\"},\"inLanguage\":\"ca\",\"potentialAction\":[{\"@type\":\"ReadAction\",\"target\":[\"https:\/\/www.secartys.org\/ca\/secartys-refuerza-su-compromiso-con-la-sostenibilidad-al-unirse-a-la-alianca-catalunya-2030\/\"]}]},{\"@type\":\"ImageObject\",\"inLanguage\":\"ca\",\"@id\":\"https:\/\/www.secartys.org\/ca\/secartys-refuerza-su-compromiso-con-la-sostenibilidad-al-unirse-a-la-alianca-catalunya-2030\/#primaryimage\",\"url\":\"https:\/\/www.secartys.org\/wp-content\/uploads\/1.jpeg\",\"contentUrl\":\"https:\/\/www.secartys.org\/wp-content\/uploads\/1.jpeg\",\"width\":1536,\"height\":2048,\"caption\":\"CADS-Secartys-firma\"},{\"@type\":\"BreadcrumbList\",\"@id\":\"https:\/\/www.secartys.org\/ca\/secartys-refuerza-su-compromiso-con-la-sostenibilidad-al-unirse-a-la-alianca-catalunya-2030\/#breadcrumb\",\"itemListElement\":[{\"@type\":\"ListItem\",\"position\":1,\"name\":\"Portada\",\"item\":\"https:\/\/www.secartys.org\/es\/\"},{\"@type\":\"ListItem\",\"position\":2,\"name\":\"Secartys refuerza su compromiso con la sostenibilidad al unirse a la Alian\u00e7a Catalunya 2030\"}]},{\"@type\":\"WebSite\",\"@id\":\"https:\/\/www.secartys.org\/es\/#website\",\"url\":\"https:\/\/www.secartys.org\/es\/\",\"name\":\"Secartys\",\"description\":\"Secartys es una agrupaci\u00f3n empresarial sin \u00e1nimo de lucro que dedica sus esfuerzos a fomentar la competitividad de sus asociados.\",\"publisher\":{\"@id\":\"https:\/\/www.secartys.org\/es\/#organization\"},\"potentialAction\":[{\"@type\":\"SearchAction\",\"target\":{\"@type\":\"EntryPoint\",\"urlTemplate\":\"https:\/\/www.secartys.org\/es\/?s={search_term_string}\"},\"query-input\":{\"@type\":\"PropertyValueSpecification\",\"valueRequired\":true,\"valueName\":\"search_term_string\"}}],\"inLanguage\":\"ca\"},{\"@type\":\"Organization\",\"@id\":\"https:\/\/www.secartys.org\/es\/#organization\",\"name\":\"SECARTYS\",\"url\":\"https:\/\/www.secartys.org\/es\/\",\"logo\":{\"@type\":\"ImageObject\",\"inLanguage\":\"ca\",\"@id\":\"https:\/\/www.secartys.org\/es\/#\/schema\/logo\/image\/\",\"url\":\"https:\/\/www.secartys.org\/wp-content\/uploads\/logo-secartys-web-oficial.png\",\"contentUrl\":\"https:\/\/www.secartys.org\/wp-content\/uploads\/logo-secartys-web-oficial.png\",\"width\":400,\"height\":120,\"caption\":\"SECARTYS\"},\"image\":{\"@id\":\"https:\/\/www.secartys.org\/es\/#\/schema\/logo\/image\/\"},\"sameAs\":[\"https:\/\/x.com\/SECARTYS\",\"https:\/\/www.linkedin.com\/company\/secartys\/\",\"https:\/\/www.youtube.com\/user\/secartys\/\"]},{\"@type\":\"Person\",\"@id\":\"https:\/\/www.secartys.org\/es\/#\/schema\/person\/3ec92591105bc3394dd3e84577929c80\",\"name\":\"Secartys\",\"sameAs\":[\"https:\/\/x.com\/Secartys\"]}]}<\/script>\n<!-- \/ Yoast SEO plugin. -->","yoast_head_json":{"title":"Secartys refuerza su compromiso con la sostenibilidad al unirse a la Alian\u00e7a Catalunya 2030 | Secartys","description":"El pasado viernes, Secartys formaliz\u00f3 su adhesi\u00f3n a la Alian\u00e7a Catalunya 2030 durante la 12\u00aa reuni\u00f3n plenaria de esta iniciativa, que busca acercar los Objetivos de Desarrollo Sostenible (ODS) de la Agenda 2030 al tejido empresarial y social de Catalu\u00f1a. El evento, celebrado en Barcelona, reuni\u00f3 a representantes de administraciones p\u00fablicas, empresas y entidades clave comprometidas con la sostenibilidad. Con esta firma, Secartys pasa a formar parte de un grupo de 86 organizaciones catalanas que trabajan conjuntamente para impulsar los ODS en la regi\u00f3n.","robots":{"index":"index","follow":"follow","max-snippet":"max-snippet:-1","max-image-preview":"max-image-preview:large","max-video-preview":"max-video-preview:-1"},"canonical":"https:\/\/www.secartys.org\/ca\/secartys-refuerza-su-compromiso-con-la-sostenibilidad-al-unirse-a-la-alianca-catalunya-2030\/","og_locale":"ca_ES","og_type":"article","og_title":"Secartys refuerza su compromiso con la sostenibilidad al unirse a la Alian\u00e7a Catalunya 2030 | Secartys","og_description":"El pasado viernes, Secartys formaliz\u00f3 su adhesi\u00f3n a la Alian\u00e7a Catalunya 2030 durante la 12\u00aa reuni\u00f3n plenaria de esta iniciativa, que busca acercar los Objetivos de Desarrollo Sostenible (ODS) de la Agenda 2030 al tejido empresarial y social de Catalu\u00f1a. El evento, celebrado en Barcelona, reuni\u00f3 a representantes de administraciones p\u00fablicas, empresas y entidades clave comprometidas con la sostenibilidad. Con esta firma, Secartys pasa a formar parte de un grupo de 86 organizaciones catalanas que trabajan conjuntamente para impulsar los ODS en la regi\u00f3n.","og_url":"https:\/\/www.secartys.org\/ca\/secartys-refuerza-su-compromiso-con-la-sostenibilidad-al-unirse-a-la-alianca-catalunya-2030\/","og_site_name":"Secartys","article_published_time":"2025-01-28T14:44:41+00:00","article_modified_time":"2025-01-28T14:51:30+00:00","og_image":[{"width":1536,"height":2048,"url":"https:\/\/www.secartys.org\/wp-content\/uploads\/1.jpeg","type":"image\/jpeg"}],"author":"Secartys","twitter_card":"summary_large_image","twitter_creator":"@Secartys","twitter_site":"@SECARTYS","twitter_misc":{"Escrit per":"Secartys","Temps estimat de lectura":"6 minuts"},"schema":{"@context":"https:\/\/schema.org","@graph":[{"@type":"Article","@id":"https:\/\/www.secartys.org\/ca\/secartys-refuerza-su-compromiso-con-la-sostenibilidad-al-unirse-a-la-alianca-catalunya-2030\/#article","isPartOf":{"@id":"https:\/\/www.secartys.org\/ca\/secartys-refuerza-su-compromiso-con-la-sostenibilidad-al-unirse-a-la-alianca-catalunya-2030\/"},"author":{"name":"Secartys","@id":"https:\/\/www.secartys.org\/es\/#\/schema\/person\/3ec92591105bc3394dd3e84577929c80"},"headline":"Secartys refuerza su compromiso con la sostenibilidad al unirse a la Alian\u00e7a Catalunya 2030","datePublished":"2025-01-28T14:44:41+00:00","dateModified":"2025-01-28T14:51:30+00:00","mainEntityOfPage":{"@id":"https:\/\/www.secartys.org\/ca\/secartys-refuerza-su-compromiso-con-la-sostenibilidad-al-unirse-a-la-alianca-catalunya-2030\/"},"wordCount":522,"publisher":{"@id":"https:\/\/www.secartys.org\/es\/#organization"},"image":{"@id":"https:\/\/www.secartys.org\/ca\/secartys-refuerza-su-compromiso-con-la-sostenibilidad-al-unirse-a-la-alianca-catalunya-2030\/#primaryimage"},"thumbnailUrl":"https:\/\/www.secartys.org\/wp-content\/uploads\/1.jpeg","keywords":["#Colaboraci\u00f3nEmpresarial","Agenda2030","CADS","networking","sostenibilidad"],"articleSection":["Electr\u00f3nica","Ferias y Congresos","Internacionalizaci\u00f3n","Secartys","Socios Secartys","Sostenibilidad"],"inLanguage":"ca"},{"@type":"WebPage","@id":"https:\/\/www.secartys.org\/ca\/secartys-refuerza-su-compromiso-con-la-sostenibilidad-al-unirse-a-la-alianca-catalunya-2030\/","url":"https:\/\/www.secartys.org\/ca\/secartys-refuerza-su-compromiso-con-la-sostenibilidad-al-unirse-a-la-alianca-catalunya-2030\/","name":"Secartys refuerza su compromiso con la sostenibilidad al unirse a la Alian\u00e7a Catalunya 2030 | Secartys","isPartOf":{"@id":"https:\/\/www.secartys.org\/es\/#website"},"primaryImageOfPage":{"@id":"https:\/\/www.secartys.org\/ca\/secartys-refuerza-su-compromiso-con-la-sostenibilidad-al-unirse-a-la-alianca-catalunya-2030\/#primaryimage"},"image":{"@id":"https:\/\/www.secartys.org\/ca\/secartys-refuerza-su-compromiso-con-la-sostenibilidad-al-unirse-a-la-alianca-catalunya-2030\/#primaryimage"},"thumbnailUrl":"https:\/\/www.secartys.org\/wp-content\/uploads\/1.jpeg","datePublished":"2025-01-28T14:44:41+00:00","dateModified":"2025-01-28T14:51:30+00:00","description":"El pasado viernes, Secartys formaliz\u00f3 su adhesi\u00f3n a la Alian\u00e7a Catalunya 2030 durante la 12\u00aa reuni\u00f3n plenaria de esta iniciativa, que busca acercar los Objetivos de Desarrollo Sostenible (ODS) de la Agenda 2030 al tejido empresarial y social de Catalu\u00f1a. El evento, celebrado en Barcelona, reuni\u00f3 a representantes de administraciones p\u00fablicas, empresas y entidades clave comprometidas con la sostenibilidad. Con esta firma, Secartys pasa a formar parte de un grupo de 86 organizaciones catalanas que trabajan conjuntamente para impulsar los ODS en la regi\u00f3n.","breadcrumb":{"@id":"https:\/\/www.secartys.org\/ca\/secartys-refuerza-su-compromiso-con-la-sostenibilidad-al-unirse-a-la-alianca-catalunya-2030\/#breadcrumb"},"inLanguage":"ca","potentialAction":[{"@type":"ReadAction","target":["https:\/\/www.secartys.org\/ca\/secartys-refuerza-su-compromiso-con-la-sostenibilidad-al-unirse-a-la-alianca-catalunya-2030\/"]}]},{"@type":"ImageObject","inLanguage":"ca","@id":"https:\/\/www.secartys.org\/ca\/secartys-refuerza-su-compromiso-con-la-sostenibilidad-al-unirse-a-la-alianca-catalunya-2030\/#primaryimage","url":"https:\/\/www.secartys.org\/wp-content\/uploads\/1.jpeg","contentUrl":"https:\/\/www.secartys.org\/wp-content\/uploads\/1.jpeg","width":1536,"height":2048,"caption":"CADS-Secartys-firma"},{"@type":"BreadcrumbList","@id":"https:\/\/www.secartys.org\/ca\/secartys-refuerza-su-compromiso-con-la-sostenibilidad-al-unirse-a-la-alianca-catalunya-2030\/#breadcrumb","itemListElement":[{"@type":"ListItem","position":1,"name":"Portada","item":"https:\/\/www.secartys.org\/es\/"},{"@type":"ListItem","position":2,"name":"Secartys refuerza su compromiso con la sostenibilidad al unirse a la Alian\u00e7a Catalunya 2030"}]},{"@type":"WebSite","@id":"https:\/\/www.secartys.org\/es\/#website","url":"https:\/\/www.secartys.org\/es\/","name":"Secartys","description":"Secartys es una agrupaci\u00f3n empresarial sin \u00e1nimo de lucro que dedica sus esfuerzos a fomentar la competitividad de sus asociados.","publisher":{"@id":"https:\/\/www.secartys.org\/es\/#organization"},"potentialAction":[{"@type":"SearchAction","target":{"@type":"EntryPoint","urlTemplate":"https:\/\/www.secartys.org\/es\/?s={search_term_string}"},"query-input":{"@type":"PropertyValueSpecification","valueRequired":true,"valueName":"search_term_string"}}],"inLanguage":"ca"},{"@type":"Organization","@id":"https:\/\/www.secartys.org\/es\/#organization","name":"SECARTYS","url":"https:\/\/www.secartys.org\/es\/","logo":{"@type":"ImageObject","inLanguage":"ca","@id":"https:\/\/www.secartys.org\/es\/#\/schema\/logo\/image\/","url":"https:\/\/www.secartys.org\/wp-content\/uploads\/logo-secartys-web-oficial.png","contentUrl":"https:\/\/www.secartys.org\/wp-content\/uploads\/logo-secartys-web-oficial.png","width":400,"height":120,"caption":"SECARTYS"},"image":{"@id":"https:\/\/www.secartys.org\/es\/#\/schema\/logo\/image\/"},"sameAs":["https:\/\/x.com\/SECARTYS","https:\/\/www.linkedin.com\/company\/secartys\/","https:\/\/www.youtube.com\/user\/secartys\/"]},{"@type":"Person","@id":"https:\/\/www.secartys.org\/es\/#\/schema\/person\/3ec92591105bc3394dd3e84577929c80","name":"Secartys","sameAs":["https:\/\/x.com\/Secartys"]}]}},"_links":{"self":[{"href":"https:\/\/www.secartys.org\/ca\/wp-json\/wp\/v2\/posts\/33390","targetHints":{"allow":["GET"]}}],"collection":[{"href":"https:\/\/www.secartys.org\/ca\/wp-json\/wp\/v2\/posts"}],"about":[{"href":"https:\/\/www.secartys.org\/ca\/wp-json\/wp\/v2\/types\/post"}],"author":[{"embeddable":true,"href":"https:\/\/www.secartys.org\/ca\/wp-json\/wp\/v2\/users\/1"}],"replies":[{"embeddable":true,"href":"https:\/\/www.secartys.org\/ca\/wp-json\/wp\/v2\/comments?post=33390"}],"version-history":[{"count":4,"href":"https:\/\/www.secartys.org\/ca\/wp-json\/wp\/v2\/posts\/33390\/revisions"}],"predecessor-version":[{"id":33404,"href":"https:\/\/www.secartys.org\/ca\/wp-json\/wp\/v2\/posts\/33390\/revisions\/33404"}],"wp:featuredmedia":[{"embeddable":true,"href":"https:\/\/www.secartys.org\/ca\/wp-json\/wp\/v2\/media\/33393"}],"wp:attachment":[{"href":"https:\/\/www.secartys.org\/ca\/wp-json\/wp\/v2\/media?parent=33390"}],"wp:term":[{"taxonomy":"category","embeddable":true,"href":"https:\/\/www.secartys.org\/ca\/wp-json\/wp\/v2\/categories?post=33390"},{"taxonomy":"post_tag","embeddable":true,"href":"https:\/\/www.secartys.org\/ca\/wp-json\/wp\/v2\/tags?post=33390"}],"curies":[{"name":"wp","href":"https:\/\/api.w.org\/{rel}","templated":true}]}}