{"id":20674,"date":"2020-03-25T12:08:40","date_gmt":"2020-03-25T11:08:40","guid":{"rendered":"https:\/\/www.secartys.org\/?p=20674"},"modified":"2020-03-25T12:17:49","modified_gmt":"2020-03-25T11:17:49","slug":"pack-teletrabajo-dota-a-tus-empleados-de-herramientas-colaborativas","status":"publish","type":"post","link":"https:\/\/www.secartys.org\/es\/pack-teletrabajo-dota-a-tus-empleados-de-herramientas-colaborativas\/","title":{"rendered":"Pack Teletrabajo: Dota a tus empleados de herramientas colaborativas"},"content":{"rendered":"\n<h2>Pack Teletrabajo: Dota a tus empleados de herramientas colaborativas, para que trabajen como si estuvieran en la oficina.<\/h2>\n<p><strong>\u00bfQue puedes contratar?<\/strong><\/p>\n<p>Centralita Virtual (Sede Big m\u00f3vil) : 10eur\/mes <br \/>App conecta: 2 eur\/mes<\/p>\n<ul>\n<li>50% descuento 3 meses (50% 3 meses en Sede Big M\u00f3vil, App conecta, puesto softphone y 4G en tu oficina)<\/li>\n<\/ul>\n<p>\u00a0<\/p>\n<p>Crea salas virtuales para hacer reuniones, \/proveedores con empleados o clientes<br \/>Tus empleados trabajar\u00e1n desde donde quieran. <br \/>Podr\u00e1s invitar a Clientes y proveedores.<br \/>Creaci\u00f3n de v\u00eddeo y audio conferencias.<br \/>Transferencia de archivos y compartici\u00f3n de escritorios<\/p>\n<p>\u00a0<\/p>\n<p><strong>Chat privado:<\/strong><\/p>\n<ul>\n<li>Posibilidad de comunicarte internamente desde cualquier dispositivo<\/li>\n<li>Establece chat en grupo<\/li>\n<\/ul>\n<p>\u00a0<\/p>\n<p><strong>Llamadas a trav\u00e9s de la App:<\/strong><\/p>\n<ul>\n<li>Posibilidad de realizar llamadas a trav\u00e9s de Internet utilizando tu tarifa de datos o conexi\u00f3n WiFi<br \/>Inst\u00e1lalo tambi\u00e9n en tu port\u00e1til<\/li>\n<\/ul>\n<p>\u00a0<\/p>\n<p><strong>Control de presencia:<\/strong><\/p>\n<ul>\n<li>Visualizaci\u00f3n de tu estado de disponibilidad para ser contactado: disponible, reunido\u2026<\/li>\n<\/ul>\n<p>Y si necesitas conectarte en movilidad, contrata 4G en tu oficina (110Gb)<\/p>\n<p>\u00a0<\/p>\n<p><strong>Soluci\u00f3n de centralita m\u00f3vil:<\/strong><\/p>\n<ul>\n<li>M\u00fasica en espera<\/li>\n<li>Locuci\u00f3n fuera de horario<\/li>\n<li>A\u00f1ade una operadora automatica y cola de llamadas por 10 eur\/mes<\/li>\n<li>Multiconferencia<\/li>\n<li>Desv\u00edo personalizados<\/li>\n<\/ul>\n<p>\u00a0<\/p>\n<p>Si est\u00e1s interesado, contacta con Beli Mir (<a href=\"mailto:bmir@secarts.org\">bmir@secarts.org<\/a> &#8211; 93 182 88 02)<\/p>\n<p>Descubre m\u00e1s opciones para teletrabajar en la secci\u00f3n de nuestro apartado <a href=\"https:\/\/www.secartys.org\/es\/ultimas-noticias-covid-19\/\">especial COVID-19<\/a><\/p>\n","protected":false},"excerpt":{"rendered":"Pack Teletrabajo: Dota a tus empleados de herramientas colaborativas, para que trabajen como si estuvieran en la oficina. \u00bfQue puedes contratar? Centralita Virtual (Sede Big m\u00f3vil) : 10eur\/mes App conecta: 2 eur\/mes 50% descuento 3 meses (50% 3 meses en Sede Big M\u00f3vil, App conecta,...","protected":false},"author":1,"featured_media":20675,"comment_status":"closed","ping_status":"closed","sticky":false,"template":"","format":"standard","meta":{"footnotes":""},"categories":[170],"tags":[],"class_list":["post-20674","post","type-post","status-publish","format-standard","has-post-thumbnail","hentry","category-contenido-socios-secartys"],"yoast_head":"<!-- This site is optimized with the Yoast SEO plugin v26.5 - https:\/\/yoast.com\/wordpress\/plugins\/seo\/ -->\n<title>Pack Teletrabajo: Dota a tus empleados de herramientas colaborativas<\/title>\n<meta name=\"description\" content=\"Pack Teletrabajo: Dota a tus empleados de herramientas colaborativas, para que trabajen como si estuvieran en la oficina.\" \/>\n<meta name=\"robots\" content=\"index, follow, max-snippet:-1, max-image-preview:large, max-video-preview:-1\" \/>\n<link rel=\"canonical\" href=\"https:\/\/www.secartys.org\/es\/pack-teletrabajo-dota-a-tus-empleados-de-herramientas-colaborativas\/\" \/>\n<meta property=\"og:locale\" content=\"es_ES\" \/>\n<meta property=\"og:type\" content=\"article\" \/>\n<meta property=\"og:title\" content=\"Pack Teletrabajo: Dota a tus empleados de herramientas colaborativas\" \/>\n<meta property=\"og:description\" content=\"Pack Teletrabajo: Dota a tus empleados de herramientas colaborativas, para que trabajen como si estuvieran en la oficina.\" \/>\n<meta property=\"og:url\" content=\"https:\/\/www.secartys.org\/es\/pack-teletrabajo-dota-a-tus-empleados-de-herramientas-colaborativas\/\" \/>\n<meta property=\"og:site_name\" content=\"Secartys\" \/>\n<meta property=\"article:published_time\" content=\"2020-03-25T11:08:40+00:00\" \/>\n<meta property=\"article:modified_time\" content=\"2020-03-25T11:17:49+00:00\" \/>\n<meta property=\"og:image\" content=\"https:\/\/www.secartys.org\/wp-content\/uploads\/pack-teletrabajo.jpg\" \/>\n\t<meta property=\"og:image:width\" content=\"1000\" \/>\n\t<meta property=\"og:image:height\" content=\"450\" \/>\n\t<meta property=\"og:image:type\" content=\"image\/jpeg\" \/>\n<meta name=\"author\" content=\"Secartys\" \/>\n<meta name=\"twitter:card\" content=\"summary_large_image\" \/>\n<meta name=\"twitter:creator\" content=\"@Secartys\" \/>\n<meta name=\"twitter:site\" content=\"@SECARTYS\" \/>\n<meta name=\"twitter:label1\" content=\"Escrito por\" \/>\n\t<meta name=\"twitter:data1\" content=\"Secartys\" \/>\n\t<meta name=\"twitter:label2\" content=\"Tiempo de lectura\" \/>\n\t<meta name=\"twitter:data2\" content=\"1 minuto\" \/>\n<script type=\"application\/ld+json\" class=\"yoast-schema-graph\">{\"@context\":\"https:\/\/schema.org\",\"@graph\":[{\"@type\":\"Article\",\"@id\":\"https:\/\/www.secartys.org\/es\/pack-teletrabajo-dota-a-tus-empleados-de-herramientas-colaborativas\/#article\",\"isPartOf\":{\"@id\":\"https:\/\/www.secartys.org\/es\/pack-teletrabajo-dota-a-tus-empleados-de-herramientas-colaborativas\/\"},\"author\":{\"name\":\"Secartys\",\"@id\":\"https:\/\/www.secartys.org\/es\/#\/schema\/person\/3ec92591105bc3394dd3e84577929c80\"},\"headline\":\"Pack Teletrabajo: Dota a tus empleados de herramientas colaborativas\",\"datePublished\":\"2020-03-25T11:08:40+00:00\",\"dateModified\":\"2020-03-25T11:17:49+00:00\",\"mainEntityOfPage\":{\"@id\":\"https:\/\/www.secartys.org\/es\/pack-teletrabajo-dota-a-tus-empleados-de-herramientas-colaborativas\/\"},\"wordCount\":229,\"publisher\":{\"@id\":\"https:\/\/www.secartys.org\/es\/#organization\"},\"image\":{\"@id\":\"https:\/\/www.secartys.org\/es\/pack-teletrabajo-dota-a-tus-empleados-de-herramientas-colaborativas\/#primaryimage\"},\"thumbnailUrl\":\"https:\/\/www.secartys.org\/wp-content\/uploads\/pack-teletrabajo.jpg\",\"articleSection\":[\"Socios Secartys\"],\"inLanguage\":\"es\"},{\"@type\":\"WebPage\",\"@id\":\"https:\/\/www.secartys.org\/es\/pack-teletrabajo-dota-a-tus-empleados-de-herramientas-colaborativas\/\",\"url\":\"https:\/\/www.secartys.org\/es\/pack-teletrabajo-dota-a-tus-empleados-de-herramientas-colaborativas\/\",\"name\":\"Pack Teletrabajo: Dota a tus empleados de herramientas colaborativas\",\"isPartOf\":{\"@id\":\"https:\/\/www.secartys.org\/es\/#website\"},\"primaryImageOfPage\":{\"@id\":\"https:\/\/www.secartys.org\/es\/pack-teletrabajo-dota-a-tus-empleados-de-herramientas-colaborativas\/#primaryimage\"},\"image\":{\"@id\":\"https:\/\/www.secartys.org\/es\/pack-teletrabajo-dota-a-tus-empleados-de-herramientas-colaborativas\/#primaryimage\"},\"thumbnailUrl\":\"https:\/\/www.secartys.org\/wp-content\/uploads\/pack-teletrabajo.jpg\",\"datePublished\":\"2020-03-25T11:08:40+00:00\",\"dateModified\":\"2020-03-25T11:17:49+00:00\",\"description\":\"Pack Teletrabajo: Dota a tus empleados de herramientas colaborativas, para que trabajen como si estuvieran en la oficina.\",\"breadcrumb\":{\"@id\":\"https:\/\/www.secartys.org\/es\/pack-teletrabajo-dota-a-tus-empleados-de-herramientas-colaborativas\/#breadcrumb\"},\"inLanguage\":\"es\",\"potentialAction\":[{\"@type\":\"ReadAction\",\"target\":[\"https:\/\/www.secartys.org\/es\/pack-teletrabajo-dota-a-tus-empleados-de-herramientas-colaborativas\/\"]}]},{\"@type\":\"ImageObject\",\"inLanguage\":\"es\",\"@id\":\"https:\/\/www.secartys.org\/es\/pack-teletrabajo-dota-a-tus-empleados-de-herramientas-colaborativas\/#primaryimage\",\"url\":\"https:\/\/www.secartys.org\/wp-content\/uploads\/pack-teletrabajo.jpg\",\"contentUrl\":\"https:\/\/www.secartys.org\/wp-content\/uploads\/pack-teletrabajo.jpg\",\"width\":1000,\"height\":450,\"caption\":\"Pack Teletrabajo: Dota a tus empleados de herramientas colaborativas, para que trabajen como si estuvieran en la oficina.\"},{\"@type\":\"BreadcrumbList\",\"@id\":\"https:\/\/www.secartys.org\/es\/pack-teletrabajo-dota-a-tus-empleados-de-herramientas-colaborativas\/#breadcrumb\",\"itemListElement\":[{\"@type\":\"ListItem\",\"position\":1,\"name\":\"Portada\",\"item\":\"https:\/\/www.secartys.org\/es\/\"},{\"@type\":\"ListItem\",\"position\":2,\"name\":\"Pack Teletrabajo: Dota a tus empleados de herramientas colaborativas\"}]},{\"@type\":\"WebSite\",\"@id\":\"https:\/\/www.secartys.org\/es\/#website\",\"url\":\"https:\/\/www.secartys.org\/es\/\",\"name\":\"Secartys\",\"description\":\"Secartys es una agrupaci\u00f3n empresarial sin \u00e1nimo de lucro que dedica sus esfuerzos a fomentar la competitividad de sus asociados.\",\"publisher\":{\"@id\":\"https:\/\/www.secartys.org\/es\/#organization\"},\"potentialAction\":[{\"@type\":\"SearchAction\",\"target\":{\"@type\":\"EntryPoint\",\"urlTemplate\":\"https:\/\/www.secartys.org\/es\/?s={search_term_string}\"},\"query-input\":{\"@type\":\"PropertyValueSpecification\",\"valueRequired\":true,\"valueName\":\"search_term_string\"}}],\"inLanguage\":\"es\"},{\"@type\":\"Organization\",\"@id\":\"https:\/\/www.secartys.org\/es\/#organization\",\"name\":\"SECARTYS\",\"url\":\"https:\/\/www.secartys.org\/es\/\",\"logo\":{\"@type\":\"ImageObject\",\"inLanguage\":\"es\",\"@id\":\"https:\/\/www.secartys.org\/es\/#\/schema\/logo\/image\/\",\"url\":\"https:\/\/www.secartys.org\/wp-content\/uploads\/logo-secartys-web-oficial.png\",\"contentUrl\":\"https:\/\/www.secartys.org\/wp-content\/uploads\/logo-secartys-web-oficial.png\",\"width\":400,\"height\":120,\"caption\":\"SECARTYS\"},\"image\":{\"@id\":\"https:\/\/www.secartys.org\/es\/#\/schema\/logo\/image\/\"},\"sameAs\":[\"https:\/\/x.com\/SECARTYS\",\"https:\/\/www.linkedin.com\/company\/secartys\/\",\"https:\/\/www.youtube.com\/user\/secartys\/\"]},{\"@type\":\"Person\",\"@id\":\"https:\/\/www.secartys.org\/es\/#\/schema\/person\/3ec92591105bc3394dd3e84577929c80\",\"name\":\"Secartys\",\"sameAs\":[\"https:\/\/x.com\/Secartys\"]}]}<\/script>\n<!-- \/ Yoast SEO plugin. -->","yoast_head_json":{"title":"Pack Teletrabajo: Dota a tus empleados de herramientas colaborativas","description":"Pack Teletrabajo: Dota a tus empleados de herramientas colaborativas, para que trabajen como si estuvieran en la oficina.","robots":{"index":"index","follow":"follow","max-snippet":"max-snippet:-1","max-image-preview":"max-image-preview:large","max-video-preview":"max-video-preview:-1"},"canonical":"https:\/\/www.secartys.org\/es\/pack-teletrabajo-dota-a-tus-empleados-de-herramientas-colaborativas\/","og_locale":"es_ES","og_type":"article","og_title":"Pack Teletrabajo: Dota a tus empleados de herramientas colaborativas","og_description":"Pack Teletrabajo: Dota a tus empleados de herramientas colaborativas, para que trabajen como si estuvieran en la oficina.","og_url":"https:\/\/www.secartys.org\/es\/pack-teletrabajo-dota-a-tus-empleados-de-herramientas-colaborativas\/","og_site_name":"Secartys","article_published_time":"2020-03-25T11:08:40+00:00","article_modified_time":"2020-03-25T11:17:49+00:00","og_image":[{"width":1000,"height":450,"url":"https:\/\/www.secartys.org\/wp-content\/uploads\/pack-teletrabajo.jpg","type":"image\/jpeg"}],"author":"Secartys","twitter_card":"summary_large_image","twitter_creator":"@Secartys","twitter_site":"@SECARTYS","twitter_misc":{"Escrito por":"Secartys","Tiempo de lectura":"1 minuto"},"schema":{"@context":"https:\/\/schema.org","@graph":[{"@type":"Article","@id":"https:\/\/www.secartys.org\/es\/pack-teletrabajo-dota-a-tus-empleados-de-herramientas-colaborativas\/#article","isPartOf":{"@id":"https:\/\/www.secartys.org\/es\/pack-teletrabajo-dota-a-tus-empleados-de-herramientas-colaborativas\/"},"author":{"name":"Secartys","@id":"https:\/\/www.secartys.org\/es\/#\/schema\/person\/3ec92591105bc3394dd3e84577929c80"},"headline":"Pack Teletrabajo: Dota a tus empleados de herramientas colaborativas","datePublished":"2020-03-25T11:08:40+00:00","dateModified":"2020-03-25T11:17:49+00:00","mainEntityOfPage":{"@id":"https:\/\/www.secartys.org\/es\/pack-teletrabajo-dota-a-tus-empleados-de-herramientas-colaborativas\/"},"wordCount":229,"publisher":{"@id":"https:\/\/www.secartys.org\/es\/#organization"},"image":{"@id":"https:\/\/www.secartys.org\/es\/pack-teletrabajo-dota-a-tus-empleados-de-herramientas-colaborativas\/#primaryimage"},"thumbnailUrl":"https:\/\/www.secartys.org\/wp-content\/uploads\/pack-teletrabajo.jpg","articleSection":["Socios Secartys"],"inLanguage":"es"},{"@type":"WebPage","@id":"https:\/\/www.secartys.org\/es\/pack-teletrabajo-dota-a-tus-empleados-de-herramientas-colaborativas\/","url":"https:\/\/www.secartys.org\/es\/pack-teletrabajo-dota-a-tus-empleados-de-herramientas-colaborativas\/","name":"Pack Teletrabajo: Dota a tus empleados de herramientas colaborativas","isPartOf":{"@id":"https:\/\/www.secartys.org\/es\/#website"},"primaryImageOfPage":{"@id":"https:\/\/www.secartys.org\/es\/pack-teletrabajo-dota-a-tus-empleados-de-herramientas-colaborativas\/#primaryimage"},"image":{"@id":"https:\/\/www.secartys.org\/es\/pack-teletrabajo-dota-a-tus-empleados-de-herramientas-colaborativas\/#primaryimage"},"thumbnailUrl":"https:\/\/www.secartys.org\/wp-content\/uploads\/pack-teletrabajo.jpg","datePublished":"2020-03-25T11:08:40+00:00","dateModified":"2020-03-25T11:17:49+00:00","description":"Pack Teletrabajo: Dota a tus empleados de herramientas colaborativas, para que trabajen como si estuvieran en la oficina.","breadcrumb":{"@id":"https:\/\/www.secartys.org\/es\/pack-teletrabajo-dota-a-tus-empleados-de-herramientas-colaborativas\/#breadcrumb"},"inLanguage":"es","potentialAction":[{"@type":"ReadAction","target":["https:\/\/www.secartys.org\/es\/pack-teletrabajo-dota-a-tus-empleados-de-herramientas-colaborativas\/"]}]},{"@type":"ImageObject","inLanguage":"es","@id":"https:\/\/www.secartys.org\/es\/pack-teletrabajo-dota-a-tus-empleados-de-herramientas-colaborativas\/#primaryimage","url":"https:\/\/www.secartys.org\/wp-content\/uploads\/pack-teletrabajo.jpg","contentUrl":"https:\/\/www.secartys.org\/wp-content\/uploads\/pack-teletrabajo.jpg","width":1000,"height":450,"caption":"Pack Teletrabajo: Dota a tus empleados de herramientas colaborativas, para que trabajen como si estuvieran en la oficina."},{"@type":"BreadcrumbList","@id":"https:\/\/www.secartys.org\/es\/pack-teletrabajo-dota-a-tus-empleados-de-herramientas-colaborativas\/#breadcrumb","itemListElement":[{"@type":"ListItem","position":1,"name":"Portada","item":"https:\/\/www.secartys.org\/es\/"},{"@type":"ListItem","position":2,"name":"Pack Teletrabajo: Dota a tus empleados de herramientas colaborativas"}]},{"@type":"WebSite","@id":"https:\/\/www.secartys.org\/es\/#website","url":"https:\/\/www.secartys.org\/es\/","name":"Secartys","description":"Secartys es una agrupaci\u00f3n empresarial sin \u00e1nimo de lucro que dedica sus esfuerzos a fomentar la competitividad de sus asociados.","publisher":{"@id":"https:\/\/www.secartys.org\/es\/#organization"},"potentialAction":[{"@type":"SearchAction","target":{"@type":"EntryPoint","urlTemplate":"https:\/\/www.secartys.org\/es\/?s={search_term_string}"},"query-input":{"@type":"PropertyValueSpecification","valueRequired":true,"valueName":"search_term_string"}}],"inLanguage":"es"},{"@type":"Organization","@id":"https:\/\/www.secartys.org\/es\/#organization","name":"SECARTYS","url":"https:\/\/www.secartys.org\/es\/","logo":{"@type":"ImageObject","inLanguage":"es","@id":"https:\/\/www.secartys.org\/es\/#\/schema\/logo\/image\/","url":"https:\/\/www.secartys.org\/wp-content\/uploads\/logo-secartys-web-oficial.png","contentUrl":"https:\/\/www.secartys.org\/wp-content\/uploads\/logo-secartys-web-oficial.png","width":400,"height":120,"caption":"SECARTYS"},"image":{"@id":"https:\/\/www.secartys.org\/es\/#\/schema\/logo\/image\/"},"sameAs":["https:\/\/x.com\/SECARTYS","https:\/\/www.linkedin.com\/company\/secartys\/","https:\/\/www.youtube.com\/user\/secartys\/"]},{"@type":"Person","@id":"https:\/\/www.secartys.org\/es\/#\/schema\/person\/3ec92591105bc3394dd3e84577929c80","name":"Secartys","sameAs":["https:\/\/x.com\/Secartys"]}]}},"_links":{"self":[{"href":"https:\/\/www.secartys.org\/es\/wp-json\/wp\/v2\/posts\/20674","targetHints":{"allow":["GET"]}}],"collection":[{"href":"https:\/\/www.secartys.org\/es\/wp-json\/wp\/v2\/posts"}],"about":[{"href":"https:\/\/www.secartys.org\/es\/wp-json\/wp\/v2\/types\/post"}],"author":[{"embeddable":true,"href":"https:\/\/www.secartys.org\/es\/wp-json\/wp\/v2\/users\/1"}],"replies":[{"embeddable":true,"href":"https:\/\/www.secartys.org\/es\/wp-json\/wp\/v2\/comments?post=20674"}],"version-history":[{"count":3,"href":"https:\/\/www.secartys.org\/es\/wp-json\/wp\/v2\/posts\/20674\/revisions"}],"predecessor-version":[{"id":20684,"href":"https:\/\/www.secartys.org\/es\/wp-json\/wp\/v2\/posts\/20674\/revisions\/20684"}],"wp:featuredmedia":[{"embeddable":true,"href":"https:\/\/www.secartys.org\/es\/wp-json\/wp\/v2\/media\/20675"}],"wp:attachment":[{"href":"https:\/\/www.secartys.org\/es\/wp-json\/wp\/v2\/media?parent=20674"}],"wp:term":[{"taxonomy":"category","embeddable":true,"href":"https:\/\/www.secartys.org\/es\/wp-json\/wp\/v2\/categories?post=20674"},{"taxonomy":"post_tag","embeddable":true,"href":"https:\/\/www.secartys.org\/es\/wp-json\/wp\/v2\/tags?post=20674"}],"curies":[{"name":"wp","href":"https:\/\/api.w.org\/{rel}","templated":true}]}}