{"id":26014,"date":"2023-07-28T13:36:36","date_gmt":"2023-07-28T11:36:36","guid":{"rendered":"https:\/\/www.secartys.org\/?p=26014"},"modified":"2023-07-28T13:51:54","modified_gmt":"2023-07-28T11:51:54","slug":"activa-industria-4-0-oportunidad-para-la-transformacion-digital","status":"publish","type":"post","link":"https:\/\/www.secartys.org\/es\/activa-industria-4-0-oportunidad-para-la-transformacion-digital\/","title":{"rendered":"ACTIVA Industria 4.0: oportunidad para la transformaci\u00f3n digital"},"content":{"rendered":"<div class=\"wpb-content-wrapper\"><p>[vc_row css_animation=\u00bb\u00bb row_type=\u00bbrow\u00bb use_row_as_full_screen_section=\u00bbno\u00bb type=\u00bbfull_width\u00bb angled_section=\u00bbno\u00bb text_align=\u00bbleft\u00bb background_image_as_pattern=\u00bbwithout_pattern\u00bb][vc_column][vc_column_text]<strong><a href=\"https:\/\/areasocio.secartys.org\/click\/8104ad137d8cc56ef2e72864715950f7\/https%3A%2F%2Fwww.industriaconectada40.gob.es%2Fprogramas-apoyo%2FPaginas%2Factiva.aspx\">ACTIVA Industria 4.0<\/a><\/strong> es un <strong>programa de asesoramiento especializado y personalizado,\u00a0<\/strong>realizado por consultoras acreditadas y con experiencia en implantaci\u00f3n de proyectos de Industria 4.0 que se realiza con la metodolog\u00eda desarrollada por la Secretar\u00eda General de Industria y de la PYME.<\/p>\n<p>Este programa permite a las empresas disponer de un <strong>diagn\u00f3stico de situaci\u00f3n y de un plan de transformaci\u00f3n<\/strong> que identifique los habilitadores digitales necesarios en ese <strong>proceso de transformaci\u00f3n<\/strong> y establezca la hoja de ruta para su implantaci\u00f3n. El asesoramiento se complementa con talleres demostrativos sobre tecnolog\u00edas habilitadoras.[\/vc_column_text][\/vc_column][\/vc_row][vc_row css_animation=\u00bb\u00bb row_type=\u00bbrow\u00bb use_row_as_full_screen_section=\u00bbno\u00bb type=\u00bbfull_width\u00bb angled_section=\u00bbno\u00bb text_align=\u00bbleft\u00bb background_image_as_pattern=\u00bbwithout_pattern\u00bb][vc_column][vc_empty_space][vc_column_text]<\/p>\n<h3>\u00bfEn qu\u00e9 consiste el programa ACTIVA Industria 4.0?<\/h3>\n<p>[\/vc_column_text][vc_separator type=\u00bbsmall\u00bb position=\u00bbleft\u00bb color=\u00bb#004c97&#8243;][vc_column_text]<strong>Asesoramiento especializado y personalizado dirigido a impulsar la transformaci\u00f3n digital y la transici\u00f3n a Industria 4.0 de las pymes,\u00a0<\/strong>incluyendo:<\/p>\n<ul>\n<li><strong>50 horas de asesoramiento\u00a0<\/strong>realizado por empresas consultoras de primer nivel y visitas a las instalaciones.<\/li>\n<li><strong>Diagn\u00f3stico\u00a0<\/strong>de la situaci\u00f3n de partida de la pyme.<\/li>\n<li><strong>Visitas\u00a0<\/strong>a la empresa para un mejor an\u00e1lisis.<\/li>\n<li><strong>Plan de Transformaci\u00f3n Digital\u00a0<\/strong>que incluye la definici\u00f3n de las actuaciones, la cuantificaci\u00f3n y priorizaci\u00f3n de oportunidades de digitalizaci\u00f3n y la identificaci\u00f3n de las potenciales soluciones digitales m\u00e1s adecuadas para cada empresa.<\/li>\n<li><strong>Talleres\u00a0<\/strong>pr\u00e1cticos de soluciones tecnol\u00f3gicas.<\/li>\n<\/ul>\n<p>[\/vc_column_text][\/vc_column][\/vc_row][vc_row css_animation=\u00bb\u00bb row_type=\u00bbrow\u00bb use_row_as_full_screen_section=\u00bbno\u00bb type=\u00bbfull_width\u00bb angled_section=\u00bbno\u00bb text_align=\u00bbleft\u00bb background_image_as_pattern=\u00bbwithout_pattern\u00bb][vc_column][vc_empty_space][vc_column_text]<\/p>\n<h3>\u00bfA qui\u00e9n va dirigido el programa ACTIVA Industria 4.0?<\/h3>\n<p>[\/vc_column_text][vc_separator type=\u00bbsmall\u00bb position=\u00bbleft\u00bb color=\u00bb#004c97&#8243;][vc_column_text]<strong>Pymes\u00a0<\/strong>con personalidad jur\u00eddica propia y <strong>domicilio \u00a0fiscal en Espa\u00f1a\u00a0<\/strong>con <strong>actividad industrial productiva\u00a0<\/strong>encuadrada dentro de la Secci\u00f3n C\u2013 Industria manufacturera, <strong>Divisiones 10 a 32 seg\u00fan CNAE\u00a0<\/strong>(excluidas entidades que integren el sector p\u00fablico, vinculadas o dependientes).<\/p>\n<p><strong>Importante:\u00a0<\/strong>Cada pyme solicitante podr\u00e1 ser beneficiaria de <strong>una \u00fanica ayuda por convocatoria.<\/strong>[\/vc_column_text][\/vc_column][\/vc_row][vc_row css_animation=\u00bb\u00bb row_type=\u00bbrow\u00bb use_row_as_full_screen_section=\u00bbno\u00bb type=\u00bbfull_width\u00bb angled_section=\u00bbno\u00bb text_align=\u00bbleft\u00bb background_image_as_pattern=\u00bbwithout_pattern\u00bb][vc_column][vc_empty_space][vc_column_text]<\/p>\n<h3>\u00bfCu\u00e1l es la ayuda del programa ACTIVA Industria 4.0?<\/h3>\n<p>[\/vc_column_text][vc_separator type=\u00bbsmall\u00bb position=\u00bbleft\u00bb color=\u00bb#004c97&#8243;][vc_column_text]<strong>Subvenci\u00f3n en especie\u00a0<\/strong>consistente en la recepci\u00f3n de servicios de consultor\u00eda en la modalidad de <strong>concurrencia no competitiva,\u00a0<\/strong>con una <strong>intensidad de ayuda del 100% y una cuant\u00eda m\u00e1xima por beneficiario\u00a0de 7.400\u20ac.<\/strong><\/p>\n<p><strong>Importante:\u00a0<\/strong>Ayuda sujeta a <em><strong>minimis<\/strong><\/em>.[\/vc_column_text][\/vc_column][\/vc_row][vc_row css_animation=\u00bb\u00bb row_type=\u00bbrow\u00bb use_row_as_full_screen_section=\u00bbno\u00bb type=\u00bbfull_width\u00bb angled_section=\u00bbno\u00bb text_align=\u00bbleft\u00bb background_image_as_pattern=\u00bbwithout_pattern\u00bb][vc_column][vc_empty_space][vc_column_text]<\/p>\n<h3>\u00bfCon qu\u00e9 plazo de solicitud de la ayuda cuento?<\/h3>\n<p>[\/vc_column_text][vc_separator type=\u00bbsmall\u00bb position=\u00bbleft\u00bb color=\u00bb#004c97&#8243;][vc_column_text]Desde el 13 de julio de 2023 <strong>hasta que se agote el cr\u00e9dito presupuestario<\/strong> establecido en la convocatoria, que asciende a 24.420.000\u20ac.[\/vc_column_text][\/vc_column][\/vc_row][vc_row css_animation=\u00bb\u00bb row_type=\u00bbrow\u00bb use_row_as_full_screen_section=\u00bbno\u00bb type=\u00bbfull_width\u00bb angled_section=\u00bbno\u00bb text_align=\u00bbleft\u00bb background_image_as_pattern=\u00bbwithout_pattern\u00bb][vc_column][vc_empty_space][vc_column_text]<\/p>\n<h3>Entidades acreditadas en el programa ACTIVA Industria 4.0<\/h3>\n<p>[\/vc_column_text][vc_separator type=\u00bbsmall\u00bb position=\u00bbleft\u00bb color=\u00bb#004c97&#8243;][vc_column_text]Varios\u00a0<strong>socios del ecosistema Secartys<\/strong> cuentan con la acreditaci\u00f3n necesaria para realizar los trabajos y acompa\u00f1arte en todo el proceso del programa ACTIVA Industria 4.0.\u00a0A continuaci\u00f3n te indicamos las entidades socias acreditadas.<\/p>\n<p>Si est\u00e1s interesado en contactar con ellos, te lo facilitaremos a trav\u00e9s de Jordi Ortiz, en el mail <a href=\"mailto:jortiz@secartys.org\">jortiz@secartys.org<\/a>[\/vc_column_text][vc_empty_space][vc_single_image image=\u00bb26017&#8243; img_size=\u00bbfull\u00bb alignment=\u00bbcenter\u00bb onclick=\u00bbcustom_link\u00bb img_link_target=\u00bb_blank\u00bb qode_css_animation=\u00bb\u00bb qode_hover_animation=\u00bbzoom_in\u00bb link=\u00bbhttps:\/\/auren.com\/es\/\u00bb][vc_single_image image=\u00bb26027&#8243; img_size=\u00bbfull\u00bb alignment=\u00bbcenter\u00bb onclick=\u00bbcustom_link\u00bb img_link_target=\u00bb_blank\u00bb qode_css_animation=\u00bb\u00bb qode_hover_animation=\u00bbzoom_in\u00bb link=\u00bbhttps:\/\/www.ctsolutions.es\/\u00bb][vc_single_image image=\u00bb26030&#8243; img_size=\u00bbfull\u00bb alignment=\u00bbcenter\u00bb onclick=\u00bbcustom_link\u00bb img_link_target=\u00bb_blank\u00bb qode_css_animation=\u00bb\u00bb qode_hover_animation=\u00bbzoom_in\u00bb link=\u00bbhttps:\/\/www.endepro.com\/es\/\u00bb][vc_single_image image=\u00bb26033&#8243; img_size=\u00bbfull\u00bb alignment=\u00bbcenter\u00bb onclick=\u00bbcustom_link\u00bb img_link_target=\u00bb_blank\u00bb qode_css_animation=\u00bb\u00bb qode_hover_animation=\u00bbzoom_in\u00bb link=\u00bbhttps:\/\/eurecat.org\/es\/\u00bb][vc_single_image image=\u00bb26036&#8243; img_size=\u00bbfull\u00bb alignment=\u00bbcenter\u00bb onclick=\u00bbcustom_link\u00bb img_link_target=\u00bb_blank\u00bb qode_css_animation=\u00bb\u00bb qode_hover_animation=\u00bbzoom_in\u00bb link=\u00bbhttps:\/\/www.tecnalia.com\/\u00bb][\/vc_column][\/vc_row]<\/p>\n<\/div>","protected":false},"excerpt":{"rendered":"<p>[vc_row css_animation=\u00bb\u00bb row_type=\u00bbrow\u00bb use_row_as_full_screen_section=\u00bbno\u00bb type=\u00bbfull_width\u00bb angled_section=\u00bbno\u00bb text_align=\u00bbleft\u00bb background_image_as_pattern=\u00bbwithout_pattern\u00bb][vc_column][vc_column_text]ACTIVA Industria 4.0 es un programa de asesoramiento especializado y personalizado,\u00a0realizado por consultoras acreditadas y con experiencia en implantaci\u00f3n de proyectos de Industria 4.0 que se realiza con la metodolog\u00eda desarrollada por la Secretar\u00eda General de Industria y&#8230;<\/p>\n","protected":false},"author":1,"featured_media":26043,"comment_status":"open","ping_status":"open","sticky":false,"template":"","format":"standard","meta":{"footnotes":""},"categories":[256,187,170],"tags":[290,284,285,286,287,289,291,212,288],"class_list":["post-26014","post","type-post","status-publish","format-standard","has-post-thumbnail","hentry","category-contenido-innovacion","category-contenido-secartys","category-contenido-socios-secartys","tag-activa-industria-4-0","tag-auren","tag-ct-solutions","tag-endepro","tag-eurecat","tag-industria","tag-industria-4-0","tag-secartys","tag-tecnalia"],"yoast_head":"<!-- This site is optimized with the Yoast SEO plugin v26.5 - https:\/\/yoast.com\/wordpress\/plugins\/seo\/ -->\n<title>ACTIVA Industria 4.0: oportunidad para la transformaci\u00f3n digital | Secartys<\/title>\n<meta name=\"robots\" content=\"index, follow, max-snippet:-1, max-image-preview:large, max-video-preview:-1\" \/>\n<link rel=\"canonical\" href=\"https:\/\/www.secartys.org\/es\/activa-industria-4-0-oportunidad-para-la-transformacion-digital\/\" \/>\n<meta property=\"og:locale\" content=\"es_ES\" \/>\n<meta property=\"og:type\" content=\"article\" \/>\n<meta property=\"og:title\" content=\"ACTIVA Industria 4.0: oportunidad para la transformaci\u00f3n digital | Secartys\" \/>\n<meta property=\"og:description\" content=\"[vc_row css_animation=\u00bb\u00bb row_type=\u00bbrow\u00bb use_row_as_full_screen_section=\u00bbno\u00bb type=\u00bbfull_width\u00bb angled_section=\u00bbno\u00bb text_align=\u00bbleft\u00bb background_image_as_pattern=\u00bbwithout_pattern\u00bb][vc_column][vc_column_text]ACTIVA Industria 4.0 es un programa de asesoramiento especializado y personalizado,\u00a0realizado por consultoras acreditadas y con experiencia en implantaci\u00f3n de proyectos de Industria 4.0 que se realiza con la metodolog\u00eda desarrollada por la Secretar\u00eda General de Industria y...\" \/>\n<meta property=\"og:url\" content=\"https:\/\/www.secartys.org\/es\/activa-industria-4-0-oportunidad-para-la-transformacion-digital\/\" \/>\n<meta property=\"og:site_name\" content=\"Secartys\" \/>\n<meta property=\"article:published_time\" content=\"2023-07-28T11:36:36+00:00\" \/>\n<meta property=\"article:modified_time\" content=\"2023-07-28T11:51:54+00:00\" \/>\n<meta property=\"og:image\" content=\"https:\/\/www.secartys.org\/wp-content\/uploads\/ACTIVA-Industria-4.0_2023-1.png\" \/>\n\t<meta property=\"og:image:width\" content=\"1000\" \/>\n\t<meta property=\"og:image:height\" content=\"500\" \/>\n\t<meta property=\"og:image:type\" content=\"image\/png\" \/>\n<meta name=\"author\" content=\"Secartys\" \/>\n<meta name=\"twitter:card\" content=\"summary_large_image\" \/>\n<meta name=\"twitter:creator\" content=\"@Secartys\" \/>\n<meta name=\"twitter:site\" content=\"@SECARTYS\" \/>\n<meta name=\"twitter:label1\" content=\"Escrito por\" \/>\n\t<meta name=\"twitter:data1\" content=\"Secartys\" \/>\n\t<meta name=\"twitter:label2\" content=\"Tiempo de lectura\" \/>\n\t<meta name=\"twitter:data2\" content=\"3 minutos\" \/>\n<script type=\"application\/ld+json\" class=\"yoast-schema-graph\">{\"@context\":\"https:\/\/schema.org\",\"@graph\":[{\"@type\":\"Article\",\"@id\":\"https:\/\/www.secartys.org\/es\/activa-industria-4-0-oportunidad-para-la-transformacion-digital\/#article\",\"isPartOf\":{\"@id\":\"https:\/\/www.secartys.org\/es\/activa-industria-4-0-oportunidad-para-la-transformacion-digital\/\"},\"author\":{\"name\":\"Secartys\",\"@id\":\"https:\/\/www.secartys.org\/es\/#\/schema\/person\/3ec92591105bc3394dd3e84577929c80\"},\"headline\":\"ACTIVA Industria 4.0: oportunidad para la transformaci\u00f3n digital\",\"datePublished\":\"2023-07-28T11:36:36+00:00\",\"dateModified\":\"2023-07-28T11:51:54+00:00\",\"mainEntityOfPage\":{\"@id\":\"https:\/\/www.secartys.org\/es\/activa-industria-4-0-oportunidad-para-la-transformacion-digital\/\"},\"wordCount\":901,\"commentCount\":0,\"publisher\":{\"@id\":\"https:\/\/www.secartys.org\/es\/#organization\"},\"image\":{\"@id\":\"https:\/\/www.secartys.org\/es\/activa-industria-4-0-oportunidad-para-la-transformacion-digital\/#primaryimage\"},\"thumbnailUrl\":\"https:\/\/www.secartys.org\/wp-content\/uploads\/ACTIVA-Industria-4.0_2023-1.png\",\"keywords\":[\"ACTIVA Industria 4.0\",\"Auren\",\"CT Solutions\",\"Endepro\",\"Eurecat\",\"industria\",\"Industria 4.0\",\"SECARTYS\",\"Tecnalia\"],\"articleSection\":[\"Innovaci\u00f3n\",\"Secartys\",\"Socios Secartys\"],\"inLanguage\":\"es\",\"potentialAction\":[{\"@type\":\"CommentAction\",\"name\":\"Comment\",\"target\":[\"https:\/\/www.secartys.org\/es\/activa-industria-4-0-oportunidad-para-la-transformacion-digital\/#respond\"]}]},{\"@type\":\"WebPage\",\"@id\":\"https:\/\/www.secartys.org\/es\/activa-industria-4-0-oportunidad-para-la-transformacion-digital\/\",\"url\":\"https:\/\/www.secartys.org\/es\/activa-industria-4-0-oportunidad-para-la-transformacion-digital\/\",\"name\":\"ACTIVA Industria 4.0: oportunidad para la transformaci\u00f3n digital | Secartys\",\"isPartOf\":{\"@id\":\"https:\/\/www.secartys.org\/es\/#website\"},\"primaryImageOfPage\":{\"@id\":\"https:\/\/www.secartys.org\/es\/activa-industria-4-0-oportunidad-para-la-transformacion-digital\/#primaryimage\"},\"image\":{\"@id\":\"https:\/\/www.secartys.org\/es\/activa-industria-4-0-oportunidad-para-la-transformacion-digital\/#primaryimage\"},\"thumbnailUrl\":\"https:\/\/www.secartys.org\/wp-content\/uploads\/ACTIVA-Industria-4.0_2023-1.png\",\"datePublished\":\"2023-07-28T11:36:36+00:00\",\"dateModified\":\"2023-07-28T11:51:54+00:00\",\"breadcrumb\":{\"@id\":\"https:\/\/www.secartys.org\/es\/activa-industria-4-0-oportunidad-para-la-transformacion-digital\/#breadcrumb\"},\"inLanguage\":\"es\",\"potentialAction\":[{\"@type\":\"ReadAction\",\"target\":[\"https:\/\/www.secartys.org\/es\/activa-industria-4-0-oportunidad-para-la-transformacion-digital\/\"]}]},{\"@type\":\"ImageObject\",\"inLanguage\":\"es\",\"@id\":\"https:\/\/www.secartys.org\/es\/activa-industria-4-0-oportunidad-para-la-transformacion-digital\/#primaryimage\",\"url\":\"https:\/\/www.secartys.org\/wp-content\/uploads\/ACTIVA-Industria-4.0_2023-1.png\",\"contentUrl\":\"https:\/\/www.secartys.org\/wp-content\/uploads\/ACTIVA-Industria-4.0_2023-1.png\",\"width\":1000,\"height\":500},{\"@type\":\"BreadcrumbList\",\"@id\":\"https:\/\/www.secartys.org\/es\/activa-industria-4-0-oportunidad-para-la-transformacion-digital\/#breadcrumb\",\"itemListElement\":[{\"@type\":\"ListItem\",\"position\":1,\"name\":\"Portada\",\"item\":\"https:\/\/www.secartys.org\/es\/\"},{\"@type\":\"ListItem\",\"position\":2,\"name\":\"ACTIVA Industria 4.0: oportunidad para la transformaci\u00f3n digital\"}]},{\"@type\":\"WebSite\",\"@id\":\"https:\/\/www.secartys.org\/es\/#website\",\"url\":\"https:\/\/www.secartys.org\/es\/\",\"name\":\"Secartys\",\"description\":\"Secartys es una agrupaci\u00f3n empresarial sin \u00e1nimo de lucro que dedica sus esfuerzos a fomentar la competitividad de sus asociados.\",\"publisher\":{\"@id\":\"https:\/\/www.secartys.org\/es\/#organization\"},\"potentialAction\":[{\"@type\":\"SearchAction\",\"target\":{\"@type\":\"EntryPoint\",\"urlTemplate\":\"https:\/\/www.secartys.org\/es\/?s={search_term_string}\"},\"query-input\":{\"@type\":\"PropertyValueSpecification\",\"valueRequired\":true,\"valueName\":\"search_term_string\"}}],\"inLanguage\":\"es\"},{\"@type\":\"Organization\",\"@id\":\"https:\/\/www.secartys.org\/es\/#organization\",\"name\":\"SECARTYS\",\"url\":\"https:\/\/www.secartys.org\/es\/\",\"logo\":{\"@type\":\"ImageObject\",\"inLanguage\":\"es\",\"@id\":\"https:\/\/www.secartys.org\/es\/#\/schema\/logo\/image\/\",\"url\":\"https:\/\/www.secartys.org\/wp-content\/uploads\/logo-secartys-web-oficial.png\",\"contentUrl\":\"https:\/\/www.secartys.org\/wp-content\/uploads\/logo-secartys-web-oficial.png\",\"width\":400,\"height\":120,\"caption\":\"SECARTYS\"},\"image\":{\"@id\":\"https:\/\/www.secartys.org\/es\/#\/schema\/logo\/image\/\"},\"sameAs\":[\"https:\/\/x.com\/SECARTYS\",\"https:\/\/www.linkedin.com\/company\/secartys\/\",\"https:\/\/www.youtube.com\/user\/secartys\/\"]},{\"@type\":\"Person\",\"@id\":\"https:\/\/www.secartys.org\/es\/#\/schema\/person\/3ec92591105bc3394dd3e84577929c80\",\"name\":\"Secartys\",\"sameAs\":[\"https:\/\/x.com\/Secartys\"]}]}<\/script>\n<!-- \/ Yoast SEO plugin. -->","yoast_head_json":{"title":"ACTIVA Industria 4.0: oportunidad para la transformaci\u00f3n digital | Secartys","robots":{"index":"index","follow":"follow","max-snippet":"max-snippet:-1","max-image-preview":"max-image-preview:large","max-video-preview":"max-video-preview:-1"},"canonical":"https:\/\/www.secartys.org\/es\/activa-industria-4-0-oportunidad-para-la-transformacion-digital\/","og_locale":"es_ES","og_type":"article","og_title":"ACTIVA Industria 4.0: oportunidad para la transformaci\u00f3n digital | Secartys","og_description":"[vc_row css_animation=\u00bb\u00bb row_type=\u00bbrow\u00bb use_row_as_full_screen_section=\u00bbno\u00bb type=\u00bbfull_width\u00bb angled_section=\u00bbno\u00bb text_align=\u00bbleft\u00bb background_image_as_pattern=\u00bbwithout_pattern\u00bb][vc_column][vc_column_text]ACTIVA Industria 4.0 es un programa de asesoramiento especializado y personalizado,\u00a0realizado por consultoras acreditadas y con experiencia en implantaci\u00f3n de proyectos de Industria 4.0 que se realiza con la metodolog\u00eda desarrollada por la Secretar\u00eda General de Industria y...","og_url":"https:\/\/www.secartys.org\/es\/activa-industria-4-0-oportunidad-para-la-transformacion-digital\/","og_site_name":"Secartys","article_published_time":"2023-07-28T11:36:36+00:00","article_modified_time":"2023-07-28T11:51:54+00:00","og_image":[{"width":1000,"height":500,"url":"https:\/\/www.secartys.org\/wp-content\/uploads\/ACTIVA-Industria-4.0_2023-1.png","type":"image\/png"}],"author":"Secartys","twitter_card":"summary_large_image","twitter_creator":"@Secartys","twitter_site":"@SECARTYS","twitter_misc":{"Escrito por":"Secartys","Tiempo de lectura":"3 minutos"},"schema":{"@context":"https:\/\/schema.org","@graph":[{"@type":"Article","@id":"https:\/\/www.secartys.org\/es\/activa-industria-4-0-oportunidad-para-la-transformacion-digital\/#article","isPartOf":{"@id":"https:\/\/www.secartys.org\/es\/activa-industria-4-0-oportunidad-para-la-transformacion-digital\/"},"author":{"name":"Secartys","@id":"https:\/\/www.secartys.org\/es\/#\/schema\/person\/3ec92591105bc3394dd3e84577929c80"},"headline":"ACTIVA Industria 4.0: oportunidad para la transformaci\u00f3n digital","datePublished":"2023-07-28T11:36:36+00:00","dateModified":"2023-07-28T11:51:54+00:00","mainEntityOfPage":{"@id":"https:\/\/www.secartys.org\/es\/activa-industria-4-0-oportunidad-para-la-transformacion-digital\/"},"wordCount":901,"commentCount":0,"publisher":{"@id":"https:\/\/www.secartys.org\/es\/#organization"},"image":{"@id":"https:\/\/www.secartys.org\/es\/activa-industria-4-0-oportunidad-para-la-transformacion-digital\/#primaryimage"},"thumbnailUrl":"https:\/\/www.secartys.org\/wp-content\/uploads\/ACTIVA-Industria-4.0_2023-1.png","keywords":["ACTIVA Industria 4.0","Auren","CT Solutions","Endepro","Eurecat","industria","Industria 4.0","SECARTYS","Tecnalia"],"articleSection":["Innovaci\u00f3n","Secartys","Socios Secartys"],"inLanguage":"es","potentialAction":[{"@type":"CommentAction","name":"Comment","target":["https:\/\/www.secartys.org\/es\/activa-industria-4-0-oportunidad-para-la-transformacion-digital\/#respond"]}]},{"@type":"WebPage","@id":"https:\/\/www.secartys.org\/es\/activa-industria-4-0-oportunidad-para-la-transformacion-digital\/","url":"https:\/\/www.secartys.org\/es\/activa-industria-4-0-oportunidad-para-la-transformacion-digital\/","name":"ACTIVA Industria 4.0: oportunidad para la transformaci\u00f3n digital | Secartys","isPartOf":{"@id":"https:\/\/www.secartys.org\/es\/#website"},"primaryImageOfPage":{"@id":"https:\/\/www.secartys.org\/es\/activa-industria-4-0-oportunidad-para-la-transformacion-digital\/#primaryimage"},"image":{"@id":"https:\/\/www.secartys.org\/es\/activa-industria-4-0-oportunidad-para-la-transformacion-digital\/#primaryimage"},"thumbnailUrl":"https:\/\/www.secartys.org\/wp-content\/uploads\/ACTIVA-Industria-4.0_2023-1.png","datePublished":"2023-07-28T11:36:36+00:00","dateModified":"2023-07-28T11:51:54+00:00","breadcrumb":{"@id":"https:\/\/www.secartys.org\/es\/activa-industria-4-0-oportunidad-para-la-transformacion-digital\/#breadcrumb"},"inLanguage":"es","potentialAction":[{"@type":"ReadAction","target":["https:\/\/www.secartys.org\/es\/activa-industria-4-0-oportunidad-para-la-transformacion-digital\/"]}]},{"@type":"ImageObject","inLanguage":"es","@id":"https:\/\/www.secartys.org\/es\/activa-industria-4-0-oportunidad-para-la-transformacion-digital\/#primaryimage","url":"https:\/\/www.secartys.org\/wp-content\/uploads\/ACTIVA-Industria-4.0_2023-1.png","contentUrl":"https:\/\/www.secartys.org\/wp-content\/uploads\/ACTIVA-Industria-4.0_2023-1.png","width":1000,"height":500},{"@type":"BreadcrumbList","@id":"https:\/\/www.secartys.org\/es\/activa-industria-4-0-oportunidad-para-la-transformacion-digital\/#breadcrumb","itemListElement":[{"@type":"ListItem","position":1,"name":"Portada","item":"https:\/\/www.secartys.org\/es\/"},{"@type":"ListItem","position":2,"name":"ACTIVA Industria 4.0: oportunidad para la transformaci\u00f3n digital"}]},{"@type":"WebSite","@id":"https:\/\/www.secartys.org\/es\/#website","url":"https:\/\/www.secartys.org\/es\/","name":"Secartys","description":"Secartys es una agrupaci\u00f3n empresarial sin \u00e1nimo de lucro que dedica sus esfuerzos a fomentar la competitividad de sus asociados.","publisher":{"@id":"https:\/\/www.secartys.org\/es\/#organization"},"potentialAction":[{"@type":"SearchAction","target":{"@type":"EntryPoint","urlTemplate":"https:\/\/www.secartys.org\/es\/?s={search_term_string}"},"query-input":{"@type":"PropertyValueSpecification","valueRequired":true,"valueName":"search_term_string"}}],"inLanguage":"es"},{"@type":"Organization","@id":"https:\/\/www.secartys.org\/es\/#organization","name":"SECARTYS","url":"https:\/\/www.secartys.org\/es\/","logo":{"@type":"ImageObject","inLanguage":"es","@id":"https:\/\/www.secartys.org\/es\/#\/schema\/logo\/image\/","url":"https:\/\/www.secartys.org\/wp-content\/uploads\/logo-secartys-web-oficial.png","contentUrl":"https:\/\/www.secartys.org\/wp-content\/uploads\/logo-secartys-web-oficial.png","width":400,"height":120,"caption":"SECARTYS"},"image":{"@id":"https:\/\/www.secartys.org\/es\/#\/schema\/logo\/image\/"},"sameAs":["https:\/\/x.com\/SECARTYS","https:\/\/www.linkedin.com\/company\/secartys\/","https:\/\/www.youtube.com\/user\/secartys\/"]},{"@type":"Person","@id":"https:\/\/www.secartys.org\/es\/#\/schema\/person\/3ec92591105bc3394dd3e84577929c80","name":"Secartys","sameAs":["https:\/\/x.com\/Secartys"]}]}},"_links":{"self":[{"href":"https:\/\/www.secartys.org\/es\/wp-json\/wp\/v2\/posts\/26014","targetHints":{"allow":["GET"]}}],"collection":[{"href":"https:\/\/www.secartys.org\/es\/wp-json\/wp\/v2\/posts"}],"about":[{"href":"https:\/\/www.secartys.org\/es\/wp-json\/wp\/v2\/types\/post"}],"author":[{"embeddable":true,"href":"https:\/\/www.secartys.org\/es\/wp-json\/wp\/v2\/users\/1"}],"replies":[{"embeddable":true,"href":"https:\/\/www.secartys.org\/es\/wp-json\/wp\/v2\/comments?post=26014"}],"version-history":[{"count":10,"href":"https:\/\/www.secartys.org\/es\/wp-json\/wp\/v2\/posts\/26014\/revisions"}],"predecessor-version":[{"id":26039,"href":"https:\/\/www.secartys.org\/es\/wp-json\/wp\/v2\/posts\/26014\/revisions\/26039"}],"wp:featuredmedia":[{"embeddable":true,"href":"https:\/\/www.secartys.org\/es\/wp-json\/wp\/v2\/media\/26043"}],"wp:attachment":[{"href":"https:\/\/www.secartys.org\/es\/wp-json\/wp\/v2\/media?parent=26014"}],"wp:term":[{"taxonomy":"category","embeddable":true,"href":"https:\/\/www.secartys.org\/es\/wp-json\/wp\/v2\/categories?post=26014"},{"taxonomy":"post_tag","embeddable":true,"href":"https:\/\/www.secartys.org\/es\/wp-json\/wp\/v2\/tags?post=26014"}],"curies":[{"name":"wp","href":"https:\/\/api.w.org\/{rel}","templated":true}]}}