{"id":26050,"date":"2023-07-31T15:27:39","date_gmt":"2023-07-31T13:27:39","guid":{"rendered":"https:\/\/www.secartys.org\/?p=26050"},"modified":"2023-08-29T12:07:42","modified_gmt":"2023-08-29T10:07:42","slug":"el-cafe-de-secartys-sept-nov-2023","status":"publish","type":"post","link":"https:\/\/www.secartys.org\/es\/el-cafe-de-secartys-sept-nov-2023\/","title":{"rendered":"El Caf\u00e9 de Secartys: oportunidades de negocio en Colombia, Francia y Brasil"},"content":{"rendered":"<div class=\"wpb-content-wrapper\"><p>[vc_row css_animation=\u00bb\u00bb row_type=\u00bbrow\u00bb use_row_as_full_screen_section=\u00bbno\u00bb type=\u00bbfull_width\u00bb angled_section=\u00bbno\u00bb text_align=\u00bbleft\u00bb background_image_as_pattern=\u00bbwithout_pattern\u00bb][vc_column][vc_column_text]<\/p>\n<h3><strong>\/ El Caf\u00e9 de Secartys como encuentro de di\u00e1logo<\/strong><\/h3>\n<p>[\/vc_column_text][vc_separator type=\u00bbsmall\u00bb position=\u00bbleft\u00bb color=\u00bb#004c97&#8243;][vc_column_text]<strong>El Caf\u00e9 de Secartys<\/strong> es un formato de encuentro dirigido a los <strong>socios del ecosistema Secartys<\/strong> en el que facilitamos el <strong>di\u00e1logo<\/strong> y el <strong>debate<\/strong> en torno a un tema de actualidad de inter\u00e9s para los asociados.<\/p>\n<p>Alrededor de un desayuno, creamos un <strong>espacio de encuentro empresarial<\/strong> donde debatir y compartir ideas y opiniones, as\u00ed como el <strong>networking<\/strong> entre los asistentes.<\/p>\n<p>En cada encuentro contamos con un <strong>colaborador experto<\/strong> que modera y dirige el debate, aportando informaci\u00f3n de valor y tips de ayuda para realizar negocios en los diferentes pa\u00edses.[\/vc_column_text][vc_empty_space][vc_column_text]<\/p>\n<h3><strong>\/ El Caf\u00e9 de Secartys: septiembre, octubre y noviembre de 2023<\/strong><\/h3>\n<p>[\/vc_column_text][vc_separator type=\u00bbsmall\u00bb position=\u00bbleft\u00bb color=\u00bb#004c97&#8243;][vc_column_text]El \u00faltimo cuatrimestre del a\u00f1o 2023 estar\u00e1 dirigido a debatir las diferentes <strong>oportunidades de negocio<\/strong> y las <strong>novedades en la exportaci\u00f3n<\/strong> a tres pa\u00edses de alto inter\u00e9s para los sectores de tecnolog\u00eda, electr\u00f3nica, TIC y soluciones sostenibles: <strong>Colombia, Francia y Brasil.<\/strong>[\/vc_column_text][vc_empty_space][vc_single_image image=\u00bb26051&#8243; img_size=\u00bbfull\u00bb alignment=\u00bbcenter\u00bb onclick=\u00bbcustom_link\u00bb img_link_target=\u00bb_blank\u00bb qode_css_animation=\u00bb\u00bb link=\u00bbhttps:\/\/areasocio.secartys.org\/events\/el-cafe-de-secartys-oportunidades-de-negocio-colombia\/\u00bb][vc_empty_space][vc_zigzag color=\u00bbcustom\u00bb el_width=\u00bb20&#8243; el_border_width=\u00bb10&#8243; custom_color=\u00bb#004c97&#8243;][vc_empty_space][vc_single_image image=\u00bb26139&#8243; img_size=\u00bbfull\u00bb alignment=\u00bbcenter\u00bb onclick=\u00bbcustom_link\u00bb img_link_target=\u00bb_blank\u00bb qode_css_animation=\u00bb\u00bb link=\u00bbhttps:\/\/areasocio.secartys.org\/events\/el-cafe-de-secartys-francia\/\u00bb][vc_empty_space][vc_zigzag color=\u00bbcustom\u00bb el_width=\u00bb20&#8243; el_border_width=\u00bb10&#8243; custom_color=\u00bb#004c97&#8243;][vc_empty_space][vc_single_image image=\u00bb26057&#8243; img_size=\u00bbfull\u00bb alignment=\u00bbcenter\u00bb onclick=\u00bbcustom_link\u00bb img_link_target=\u00bb_blank\u00bb qode_css_animation=\u00bb\u00bb link=\u00bbhttps:\/\/areasocio.secartys.org\/events\/el-cafe-de-secartys-brasil\/\u00bb][vc_empty_space][\/vc_column][\/vc_row][vc_row css_animation=\u00bb\u00bb row_type=\u00bbrow\u00bb use_row_as_full_screen_section=\u00bbno\u00bb type=\u00bbfull_width\u00bb angled_section=\u00bbno\u00bb text_align=\u00bbleft\u00bb background_image_as_pattern=\u00bbwithout_pattern\u00bb][vc_column][vc_separator type=\u00bbnormal\u00bb color=\u00bb#004c97&#8243;][vc_column_text]<\/p>\n<h3>\/ El Caf\u00e9 de Secartys 2023<\/h3>\n<p>[\/vc_column_text][vc_separator type=\u00bbsmall\u00bb position=\u00bbleft\u00bb color=\u00bb#004c97&#8243;][vc_empty_space][\/vc_column][\/vc_row][vc_row css_animation=\u00bb\u00bb row_type=\u00bbrow\u00bb use_row_as_full_screen_section=\u00bbno\u00bb type=\u00bbfull_width\u00bb angled_section=\u00bbno\u00bb text_align=\u00bbleft\u00bb background_image_as_pattern=\u00bbwithout_pattern\u00bb][vc_column width=\u00bb1\/2&#8243;][vc_single_image image=\u00bb25502&#8243; img_size=\u00bbfull\u00bb alignment=\u00bbcenter\u00bb onclick=\u00bbcustom_link\u00bb img_link_target=\u00bb_blank\u00bb qode_css_animation=\u00bb\u00bb link=\u00bbhttps:\/\/youtu.be\/d9yWE8o3nc0&#8243;][vc_empty_space][vc_single_image image=\u00bb25836&#8243; img_size=\u00bbfull\u00bb alignment=\u00bbcenter\u00bb onclick=\u00bbcustom_link\u00bb img_link_target=\u00bb_blank\u00bb qode_css_animation=\u00bb\u00bb link=\u00bbhttps:\/\/areasocio.secartys.org\/events\/el-cafe-de-secartys-cadena-suministro-importacion-asia\/\u00bb][\/vc_column][vc_column width=\u00bb1\/2&#8243;][vc_single_image image=\u00bb25559&#8243; img_size=\u00bbfull\u00bb alignment=\u00bbcenter\u00bb onclick=\u00bbcustom_link\u00bb img_link_target=\u00bb_blank\u00bb qode_css_animation=\u00bb\u00bb link=\u00bbhttps:\/\/youtu.be\/tpbSNcGKbBc\u00bb][vc_empty_space][vc_single_image image=\u00bb25937&#8243; img_size=\u00bbfull\u00bb alignment=\u00bbcenter\u00bb onclick=\u00bbcustom_link\u00bb img_link_target=\u00bb_blank\u00bb qode_css_animation=\u00bb\u00bb link=\u00bbhttps:\/\/areasocio.secartys.org\/events\/cafe-secartys-mercados-nordicos\/\u00bb][\/vc_column][\/vc_row]<\/p>\n<\/div>","protected":false},"excerpt":{"rendered":"<p>[vc_row css_animation=\u00bb\u00bb row_type=\u00bbrow\u00bb use_row_as_full_screen_section=\u00bbno\u00bb type=\u00bbfull_width\u00bb angled_section=\u00bbno\u00bb text_align=\u00bbleft\u00bb background_image_as_pattern=\u00bbwithout_pattern\u00bb][vc_column][vc_column_text] \/ El Caf\u00e9 de Secartys como encuentro de di\u00e1logo [\/vc_column_text][vc_separator type=\u00bbsmall\u00bb position=\u00bbleft\u00bb color=\u00bb#004c97&#8243;][vc_column_text]El Caf\u00e9 de Secartys es un formato de encuentro dirigido a los socios del ecosistema Secartys en el que facilitamos el di\u00e1logo y el debate&#8230;<\/p>\n","protected":false},"author":1,"featured_media":26135,"comment_status":"open","ping_status":"open","sticky":false,"template":"","format":"standard","meta":{"footnotes":""},"categories":[185,180,256,194,187],"tags":[283,279,262,293,221,220,292,249,294],"class_list":["post-26050","post","type-post","status-publish","format-standard","has-post-thumbnail","hentry","category-contenido-electronica","category-contenido-energia-solar","category-contenido-innovacion","category-contenido-internacionalizacion","category-contenido-secartys","tag-brasil","tag-colombia","tag-ecosistemasecartys","tag-francia","tag-internacional","tag-internacionalizacion","tag-oportunidades-de-negocio","tag-sostenibilidad","tag-tecnologia"],"yoast_head":"<!-- This site is optimized with the Yoast SEO plugin v26.5 - https:\/\/yoast.com\/wordpress\/plugins\/seo\/ -->\n<title>El Caf\u00e9 de Secartys: oportunidades de negocio en Colombia, Francia y Brasil | Secartys<\/title>\n<meta name=\"robots\" content=\"index, follow, max-snippet:-1, max-image-preview:large, max-video-preview:-1\" \/>\n<link rel=\"canonical\" href=\"https:\/\/www.secartys.org\/es\/el-cafe-de-secartys-sept-nov-2023\/\" \/>\n<meta property=\"og:locale\" content=\"es_ES\" \/>\n<meta property=\"og:type\" content=\"article\" \/>\n<meta property=\"og:title\" content=\"El Caf\u00e9 de Secartys: oportunidades de negocio en Colombia, Francia y Brasil | Secartys\" \/>\n<meta property=\"og:description\" content=\"[vc_row css_animation=\u00bb\u00bb row_type=\u00bbrow\u00bb use_row_as_full_screen_section=\u00bbno\u00bb type=\u00bbfull_width\u00bb angled_section=\u00bbno\u00bb text_align=\u00bbleft\u00bb background_image_as_pattern=\u00bbwithout_pattern\u00bb][vc_column][vc_column_text] \/ El Caf\u00e9 de Secartys como encuentro de di\u00e1logo [\/vc_column_text][vc_separator type=\u00bbsmall\u00bb position=\u00bbleft\u00bb color=\u00bb#004c97&#8243;][vc_column_text]El Caf\u00e9 de Secartys es un formato de encuentro dirigido a los socios del ecosistema Secartys en el que facilitamos el di\u00e1logo y el debate...\" \/>\n<meta property=\"og:url\" content=\"https:\/\/www.secartys.org\/es\/el-cafe-de-secartys-sept-nov-2023\/\" \/>\n<meta property=\"og:site_name\" content=\"Secartys\" \/>\n<meta property=\"article:published_time\" content=\"2023-07-31T13:27:39+00:00\" \/>\n<meta property=\"article:modified_time\" content=\"2023-08-29T10:07:42+00:00\" \/>\n<meta property=\"og:image\" content=\"https:\/\/www.secartys.org\/wp-content\/uploads\/ElCafeDeSecartys_sept-nov-2023-1.png\" \/>\n\t<meta property=\"og:image:width\" content=\"1000\" \/>\n\t<meta property=\"og:image:height\" content=\"500\" \/>\n\t<meta property=\"og:image:type\" content=\"image\/png\" \/>\n<meta name=\"author\" content=\"Secartys\" \/>\n<meta name=\"twitter:card\" content=\"summary_large_image\" \/>\n<meta name=\"twitter:creator\" content=\"@Secartys\" \/>\n<meta name=\"twitter:site\" content=\"@SECARTYS\" \/>\n<meta name=\"twitter:label1\" content=\"Escrito por\" \/>\n\t<meta name=\"twitter:data1\" content=\"Secartys\" \/>\n\t<meta name=\"twitter:label2\" content=\"Tiempo de lectura\" \/>\n\t<meta name=\"twitter:data2\" content=\"2 minutos\" \/>\n<script type=\"application\/ld+json\" class=\"yoast-schema-graph\">{\"@context\":\"https:\/\/schema.org\",\"@graph\":[{\"@type\":\"Article\",\"@id\":\"https:\/\/www.secartys.org\/es\/el-cafe-de-secartys-sept-nov-2023\/#article\",\"isPartOf\":{\"@id\":\"https:\/\/www.secartys.org\/es\/el-cafe-de-secartys-sept-nov-2023\/\"},\"author\":{\"name\":\"Secartys\",\"@id\":\"https:\/\/www.secartys.org\/es\/#\/schema\/person\/3ec92591105bc3394dd3e84577929c80\"},\"headline\":\"El Caf\u00e9 de Secartys: oportunidades de negocio en Colombia, Francia y Brasil\",\"datePublished\":\"2023-07-31T13:27:39+00:00\",\"dateModified\":\"2023-08-29T10:07:42+00:00\",\"mainEntityOfPage\":{\"@id\":\"https:\/\/www.secartys.org\/es\/el-cafe-de-secartys-sept-nov-2023\/\"},\"wordCount\":580,\"commentCount\":0,\"publisher\":{\"@id\":\"https:\/\/www.secartys.org\/es\/#organization\"},\"image\":{\"@id\":\"https:\/\/www.secartys.org\/es\/el-cafe-de-secartys-sept-nov-2023\/#primaryimage\"},\"thumbnailUrl\":\"https:\/\/www.secartys.org\/wp-content\/uploads\/ElCafeDeSecartys_sept-nov-2023-1.png\",\"keywords\":[\"Brasil\",\"colombia\",\"ecosistemaSECARTYS\",\"Francia\",\"internacional\",\"internacionalizaci\u00f3n\",\"oportunidades de negocio\",\"sostenibilidad\",\"tecnolog\u00eda\"],\"articleSection\":[\"Electr\u00f3nica\",\"Energ\u00eda Solar\",\"Innovaci\u00f3n\",\"Internacionalizaci\u00f3n\",\"Secartys\"],\"inLanguage\":\"es\",\"potentialAction\":[{\"@type\":\"CommentAction\",\"name\":\"Comment\",\"target\":[\"https:\/\/www.secartys.org\/es\/el-cafe-de-secartys-sept-nov-2023\/#respond\"]}]},{\"@type\":\"WebPage\",\"@id\":\"https:\/\/www.secartys.org\/es\/el-cafe-de-secartys-sept-nov-2023\/\",\"url\":\"https:\/\/www.secartys.org\/es\/el-cafe-de-secartys-sept-nov-2023\/\",\"name\":\"El Caf\u00e9 de Secartys: oportunidades de negocio en Colombia, Francia y Brasil | Secartys\",\"isPartOf\":{\"@id\":\"https:\/\/www.secartys.org\/es\/#website\"},\"primaryImageOfPage\":{\"@id\":\"https:\/\/www.secartys.org\/es\/el-cafe-de-secartys-sept-nov-2023\/#primaryimage\"},\"image\":{\"@id\":\"https:\/\/www.secartys.org\/es\/el-cafe-de-secartys-sept-nov-2023\/#primaryimage\"},\"thumbnailUrl\":\"https:\/\/www.secartys.org\/wp-content\/uploads\/ElCafeDeSecartys_sept-nov-2023-1.png\",\"datePublished\":\"2023-07-31T13:27:39+00:00\",\"dateModified\":\"2023-08-29T10:07:42+00:00\",\"breadcrumb\":{\"@id\":\"https:\/\/www.secartys.org\/es\/el-cafe-de-secartys-sept-nov-2023\/#breadcrumb\"},\"inLanguage\":\"es\",\"potentialAction\":[{\"@type\":\"ReadAction\",\"target\":[\"https:\/\/www.secartys.org\/es\/el-cafe-de-secartys-sept-nov-2023\/\"]}]},{\"@type\":\"ImageObject\",\"inLanguage\":\"es\",\"@id\":\"https:\/\/www.secartys.org\/es\/el-cafe-de-secartys-sept-nov-2023\/#primaryimage\",\"url\":\"https:\/\/www.secartys.org\/wp-content\/uploads\/ElCafeDeSecartys_sept-nov-2023-1.png\",\"contentUrl\":\"https:\/\/www.secartys.org\/wp-content\/uploads\/ElCafeDeSecartys_sept-nov-2023-1.png\",\"width\":1000,\"height\":500},{\"@type\":\"BreadcrumbList\",\"@id\":\"https:\/\/www.secartys.org\/es\/el-cafe-de-secartys-sept-nov-2023\/#breadcrumb\",\"itemListElement\":[{\"@type\":\"ListItem\",\"position\":1,\"name\":\"Portada\",\"item\":\"https:\/\/www.secartys.org\/es\/\"},{\"@type\":\"ListItem\",\"position\":2,\"name\":\"El Caf\u00e9 de Secartys: oportunidades de negocio en Colombia, Francia y Brasil\"}]},{\"@type\":\"WebSite\",\"@id\":\"https:\/\/www.secartys.org\/es\/#website\",\"url\":\"https:\/\/www.secartys.org\/es\/\",\"name\":\"Secartys\",\"description\":\"Secartys es una agrupaci\u00f3n empresarial sin \u00e1nimo de lucro que dedica sus esfuerzos a fomentar la competitividad de sus asociados.\",\"publisher\":{\"@id\":\"https:\/\/www.secartys.org\/es\/#organization\"},\"potentialAction\":[{\"@type\":\"SearchAction\",\"target\":{\"@type\":\"EntryPoint\",\"urlTemplate\":\"https:\/\/www.secartys.org\/es\/?s={search_term_string}\"},\"query-input\":{\"@type\":\"PropertyValueSpecification\",\"valueRequired\":true,\"valueName\":\"search_term_string\"}}],\"inLanguage\":\"es\"},{\"@type\":\"Organization\",\"@id\":\"https:\/\/www.secartys.org\/es\/#organization\",\"name\":\"SECARTYS\",\"url\":\"https:\/\/www.secartys.org\/es\/\",\"logo\":{\"@type\":\"ImageObject\",\"inLanguage\":\"es\",\"@id\":\"https:\/\/www.secartys.org\/es\/#\/schema\/logo\/image\/\",\"url\":\"https:\/\/www.secartys.org\/wp-content\/uploads\/logo-secartys-web-oficial.png\",\"contentUrl\":\"https:\/\/www.secartys.org\/wp-content\/uploads\/logo-secartys-web-oficial.png\",\"width\":400,\"height\":120,\"caption\":\"SECARTYS\"},\"image\":{\"@id\":\"https:\/\/www.secartys.org\/es\/#\/schema\/logo\/image\/\"},\"sameAs\":[\"https:\/\/x.com\/SECARTYS\",\"https:\/\/www.linkedin.com\/company\/secartys\/\",\"https:\/\/www.youtube.com\/user\/secartys\/\"]},{\"@type\":\"Person\",\"@id\":\"https:\/\/www.secartys.org\/es\/#\/schema\/person\/3ec92591105bc3394dd3e84577929c80\",\"name\":\"Secartys\",\"sameAs\":[\"https:\/\/x.com\/Secartys\"]}]}<\/script>\n<!-- \/ Yoast SEO plugin. -->","yoast_head_json":{"title":"El Caf\u00e9 de Secartys: oportunidades de negocio en Colombia, Francia y Brasil | Secartys","robots":{"index":"index","follow":"follow","max-snippet":"max-snippet:-1","max-image-preview":"max-image-preview:large","max-video-preview":"max-video-preview:-1"},"canonical":"https:\/\/www.secartys.org\/es\/el-cafe-de-secartys-sept-nov-2023\/","og_locale":"es_ES","og_type":"article","og_title":"El Caf\u00e9 de Secartys: oportunidades de negocio en Colombia, Francia y Brasil | Secartys","og_description":"[vc_row css_animation=\u00bb\u00bb row_type=\u00bbrow\u00bb use_row_as_full_screen_section=\u00bbno\u00bb type=\u00bbfull_width\u00bb angled_section=\u00bbno\u00bb text_align=\u00bbleft\u00bb background_image_as_pattern=\u00bbwithout_pattern\u00bb][vc_column][vc_column_text] \/ El Caf\u00e9 de Secartys como encuentro de di\u00e1logo [\/vc_column_text][vc_separator type=\u00bbsmall\u00bb position=\u00bbleft\u00bb color=\u00bb#004c97&#8243;][vc_column_text]El Caf\u00e9 de Secartys es un formato de encuentro dirigido a los socios del ecosistema Secartys en el que facilitamos el di\u00e1logo y el debate...","og_url":"https:\/\/www.secartys.org\/es\/el-cafe-de-secartys-sept-nov-2023\/","og_site_name":"Secartys","article_published_time":"2023-07-31T13:27:39+00:00","article_modified_time":"2023-08-29T10:07:42+00:00","og_image":[{"width":1000,"height":500,"url":"https:\/\/www.secartys.org\/wp-content\/uploads\/ElCafeDeSecartys_sept-nov-2023-1.png","type":"image\/png"}],"author":"Secartys","twitter_card":"summary_large_image","twitter_creator":"@Secartys","twitter_site":"@SECARTYS","twitter_misc":{"Escrito por":"Secartys","Tiempo de lectura":"2 minutos"},"schema":{"@context":"https:\/\/schema.org","@graph":[{"@type":"Article","@id":"https:\/\/www.secartys.org\/es\/el-cafe-de-secartys-sept-nov-2023\/#article","isPartOf":{"@id":"https:\/\/www.secartys.org\/es\/el-cafe-de-secartys-sept-nov-2023\/"},"author":{"name":"Secartys","@id":"https:\/\/www.secartys.org\/es\/#\/schema\/person\/3ec92591105bc3394dd3e84577929c80"},"headline":"El Caf\u00e9 de Secartys: oportunidades de negocio en Colombia, Francia y Brasil","datePublished":"2023-07-31T13:27:39+00:00","dateModified":"2023-08-29T10:07:42+00:00","mainEntityOfPage":{"@id":"https:\/\/www.secartys.org\/es\/el-cafe-de-secartys-sept-nov-2023\/"},"wordCount":580,"commentCount":0,"publisher":{"@id":"https:\/\/www.secartys.org\/es\/#organization"},"image":{"@id":"https:\/\/www.secartys.org\/es\/el-cafe-de-secartys-sept-nov-2023\/#primaryimage"},"thumbnailUrl":"https:\/\/www.secartys.org\/wp-content\/uploads\/ElCafeDeSecartys_sept-nov-2023-1.png","keywords":["Brasil","colombia","ecosistemaSECARTYS","Francia","internacional","internacionalizaci\u00f3n","oportunidades de negocio","sostenibilidad","tecnolog\u00eda"],"articleSection":["Electr\u00f3nica","Energ\u00eda Solar","Innovaci\u00f3n","Internacionalizaci\u00f3n","Secartys"],"inLanguage":"es","potentialAction":[{"@type":"CommentAction","name":"Comment","target":["https:\/\/www.secartys.org\/es\/el-cafe-de-secartys-sept-nov-2023\/#respond"]}]},{"@type":"WebPage","@id":"https:\/\/www.secartys.org\/es\/el-cafe-de-secartys-sept-nov-2023\/","url":"https:\/\/www.secartys.org\/es\/el-cafe-de-secartys-sept-nov-2023\/","name":"El Caf\u00e9 de Secartys: oportunidades de negocio en Colombia, Francia y Brasil | Secartys","isPartOf":{"@id":"https:\/\/www.secartys.org\/es\/#website"},"primaryImageOfPage":{"@id":"https:\/\/www.secartys.org\/es\/el-cafe-de-secartys-sept-nov-2023\/#primaryimage"},"image":{"@id":"https:\/\/www.secartys.org\/es\/el-cafe-de-secartys-sept-nov-2023\/#primaryimage"},"thumbnailUrl":"https:\/\/www.secartys.org\/wp-content\/uploads\/ElCafeDeSecartys_sept-nov-2023-1.png","datePublished":"2023-07-31T13:27:39+00:00","dateModified":"2023-08-29T10:07:42+00:00","breadcrumb":{"@id":"https:\/\/www.secartys.org\/es\/el-cafe-de-secartys-sept-nov-2023\/#breadcrumb"},"inLanguage":"es","potentialAction":[{"@type":"ReadAction","target":["https:\/\/www.secartys.org\/es\/el-cafe-de-secartys-sept-nov-2023\/"]}]},{"@type":"ImageObject","inLanguage":"es","@id":"https:\/\/www.secartys.org\/es\/el-cafe-de-secartys-sept-nov-2023\/#primaryimage","url":"https:\/\/www.secartys.org\/wp-content\/uploads\/ElCafeDeSecartys_sept-nov-2023-1.png","contentUrl":"https:\/\/www.secartys.org\/wp-content\/uploads\/ElCafeDeSecartys_sept-nov-2023-1.png","width":1000,"height":500},{"@type":"BreadcrumbList","@id":"https:\/\/www.secartys.org\/es\/el-cafe-de-secartys-sept-nov-2023\/#breadcrumb","itemListElement":[{"@type":"ListItem","position":1,"name":"Portada","item":"https:\/\/www.secartys.org\/es\/"},{"@type":"ListItem","position":2,"name":"El Caf\u00e9 de Secartys: oportunidades de negocio en Colombia, Francia y Brasil"}]},{"@type":"WebSite","@id":"https:\/\/www.secartys.org\/es\/#website","url":"https:\/\/www.secartys.org\/es\/","name":"Secartys","description":"Secartys es una agrupaci\u00f3n empresarial sin \u00e1nimo de lucro que dedica sus esfuerzos a fomentar la competitividad de sus asociados.","publisher":{"@id":"https:\/\/www.secartys.org\/es\/#organization"},"potentialAction":[{"@type":"SearchAction","target":{"@type":"EntryPoint","urlTemplate":"https:\/\/www.secartys.org\/es\/?s={search_term_string}"},"query-input":{"@type":"PropertyValueSpecification","valueRequired":true,"valueName":"search_term_string"}}],"inLanguage":"es"},{"@type":"Organization","@id":"https:\/\/www.secartys.org\/es\/#organization","name":"SECARTYS","url":"https:\/\/www.secartys.org\/es\/","logo":{"@type":"ImageObject","inLanguage":"es","@id":"https:\/\/www.secartys.org\/es\/#\/schema\/logo\/image\/","url":"https:\/\/www.secartys.org\/wp-content\/uploads\/logo-secartys-web-oficial.png","contentUrl":"https:\/\/www.secartys.org\/wp-content\/uploads\/logo-secartys-web-oficial.png","width":400,"height":120,"caption":"SECARTYS"},"image":{"@id":"https:\/\/www.secartys.org\/es\/#\/schema\/logo\/image\/"},"sameAs":["https:\/\/x.com\/SECARTYS","https:\/\/www.linkedin.com\/company\/secartys\/","https:\/\/www.youtube.com\/user\/secartys\/"]},{"@type":"Person","@id":"https:\/\/www.secartys.org\/es\/#\/schema\/person\/3ec92591105bc3394dd3e84577929c80","name":"Secartys","sameAs":["https:\/\/x.com\/Secartys"]}]}},"_links":{"self":[{"href":"https:\/\/www.secartys.org\/es\/wp-json\/wp\/v2\/posts\/26050","targetHints":{"allow":["GET"]}}],"collection":[{"href":"https:\/\/www.secartys.org\/es\/wp-json\/wp\/v2\/posts"}],"about":[{"href":"https:\/\/www.secartys.org\/es\/wp-json\/wp\/v2\/types\/post"}],"author":[{"embeddable":true,"href":"https:\/\/www.secartys.org\/es\/wp-json\/wp\/v2\/users\/1"}],"replies":[{"embeddable":true,"href":"https:\/\/www.secartys.org\/es\/wp-json\/wp\/v2\/comments?post=26050"}],"version-history":[{"count":14,"href":"https:\/\/www.secartys.org\/es\/wp-json\/wp\/v2\/posts\/26050\/revisions"}],"predecessor-version":[{"id":26142,"href":"https:\/\/www.secartys.org\/es\/wp-json\/wp\/v2\/posts\/26050\/revisions\/26142"}],"wp:featuredmedia":[{"embeddable":true,"href":"https:\/\/www.secartys.org\/es\/wp-json\/wp\/v2\/media\/26135"}],"wp:attachment":[{"href":"https:\/\/www.secartys.org\/es\/wp-json\/wp\/v2\/media?parent=26050"}],"wp:term":[{"taxonomy":"category","embeddable":true,"href":"https:\/\/www.secartys.org\/es\/wp-json\/wp\/v2\/categories?post=26050"},{"taxonomy":"post_tag","embeddable":true,"href":"https:\/\/www.secartys.org\/es\/wp-json\/wp\/v2\/tags?post=26050"}],"curies":[{"name":"wp","href":"https:\/\/api.w.org\/{rel}","templated":true}]}}