{"id":32520,"date":"2024-11-19T12:28:43","date_gmt":"2024-11-19T11:28:43","guid":{"rendered":"https:\/\/www.secartys.org\/?p=32520"},"modified":"2024-11-25T14:30:14","modified_gmt":"2024-11-25T13:30:14","slug":"secartys-en-matelec-2024","status":"publish","type":"post","link":"https:\/\/www.secartys.org\/es\/secartys-en-matelec-2024\/","title":{"rendered":"SECARTYS en Matelec 2024"},"content":{"rendered":"\t\t<div data-elementor-type=\"wp-post\" data-elementor-id=\"32520\" class=\"elementor elementor-32520\">\n\t\t\t\t\t\t<section class=\"elementor-section elementor-top-section elementor-element elementor-element-f62101c elementor-section-boxed elementor-section-height-default elementor-section-height-default parallax_section_no qode_elementor_container_no\" data-id=\"f62101c\" data-element_type=\"section\">\n\t\t\t\t\t\t<div class=\"elementor-container elementor-column-gap-default\">\n\t\t\t\t\t<div class=\"elementor-column elementor-col-100 elementor-top-column elementor-element elementor-element-8444549\" data-id=\"8444549\" data-element_type=\"column\">\n\t\t\t<div class=\"elementor-widget-wrap elementor-element-populated\">\n\t\t\t\t\t\t<div class=\"elementor-element elementor-element-1c9c219 elementor-widget elementor-widget-text-editor\" data-id=\"1c9c219\" data-element_type=\"widget\" data-widget_type=\"text-editor.default\">\n\t\t\t\t<div class=\"elementor-widget-container\">\n\t\t\t\t\t\t\t\t\t<p><span style=\"color: #000000\">La feria <a href=\"https:\/\/www.ifema.es\/matelec\"><b>MATELEC 2024<\/b><\/a> se consolid\u00f3 como un <strong>evento clave para la industria tecnol\u00f3gica y electr\u00f3nica<\/strong>, y SECARTYS participo una vez m\u00e1s en esta importante cita bienal. Este a\u00f1o, compartimos espacio junto a algunas de las empresas m\u00e1s destacadas de nuestro ecosistema, incluyendo:<\/span><\/p><ul><li><a href=\"http:\/\/www.rmelectronica.es\/\"><span style=\"color: #000000\"><strong>RM ELECTRONIC<\/strong>\u00a0<\/span><\/a><\/li><li><a href=\"https:\/\/www.openetics.com\/\"><span style=\"color: #000000\"><strong>OPENETICS<\/strong><\/span><\/a><\/li><li><a href=\"https:\/\/www.lab-circuits.com\/es\"><span style=\"color: #000000\"><strong>LABCIRCUITS<\/strong>\u00a0<\/span><\/a><\/li><li><a href=\"https:\/\/www.electronicgrup.com\/\"><span style=\"color: #000000\"><strong>Electronic Grup, S.L.<\/strong><\/span><\/a><\/li><li><a href=\"https:\/\/jvvgrup.com\/en\/\"><span style=\"color: #000000\"><strong>JVV GRUP, S.L.<\/strong><\/span><\/a><\/li><li><a href=\"https:\/\/lce-led.com\/\"><span style=\"color: #000000\"><strong>LCE<\/strong>\u00a0<\/span><\/a><\/li><li><a href=\"https:\/\/www.rovasi.com\/\"><span style=\"color: #000000\"><strong>ROVASI Positive Lighting<\/strong>\u00a0<\/span><\/a><\/li><li><a href=\"https:\/\/www.zennio.com\/es\"><strong style=\"color: #000000\">ZENNIO<\/strong><\/a><\/li><\/ul>\t\t\t\t\t\t\t\t<\/div>\n\t\t\t\t<\/div>\n\t\t\t\t<div class=\"elementor-element elementor-element-39c13e3 elementor-widget elementor-widget-text-editor\" data-id=\"39c13e3\" data-element_type=\"widget\" data-widget_type=\"text-editor.default\">\n\t\t\t\t<div class=\"elementor-widget-container\">\n\t\t\t\t\t\t\t\t\t<p><span style=\"color: #000000\">Las empresas mostraron sus<strong> innovaciones m\u00e1s recientes y tuvieron la oportunidad de establecer conexiones estrat\u00e9gicas<\/strong> con otros actores del sector. Nuestro espacio conjunto reflej\u00f3 la fortaleza de la colaboraci\u00f3n entre los miembros de SECARTYS y nuestro <strong>compromiso con el desarrollo y la internacionalizaci\u00f3n de la industria electr\u00f3nica<\/strong>.<\/span><\/p>\t\t\t\t\t\t\t\t<\/div>\n\t\t\t\t<\/div>\n\t\t\t\t<div class=\"elementor-element elementor-element-84e3e00 elementor-widget elementor-widget-image\" data-id=\"84e3e00\" data-element_type=\"widget\" data-widget_type=\"image.default\">\n\t\t\t\t<div class=\"elementor-widget-container\">\n\t\t\t\t\t\t\t\t\t\t\t\t\t\t\t<img fetchpriority=\"high\" decoding=\"async\" width=\"1000\" height=\"500\" src=\"https:\/\/www.secartys.org\/wp-content\/uploads\/TIMTUL_1000x500px.jpg\" class=\"attachment-large size-large wp-image-32528\" alt=\"\" srcset=\"https:\/\/www.secartys.org\/wp-content\/uploads\/TIMTUL_1000x500px.jpg 1000w, https:\/\/www.secartys.org\/wp-content\/uploads\/TIMTUL_1000x500px-768x384.jpg 768w, https:\/\/www.secartys.org\/wp-content\/uploads\/TIMTUL_1000x500px-700x350.jpg 700w\" sizes=\"(max-width: 1000px) 100vw, 1000px\" \/>\t\t\t\t\t\t\t\t\t\t\t\t\t\t\t<\/div>\n\t\t\t\t<\/div>\n\t\t\t\t\t<\/div>\n\t\t<\/div>\n\t\t\t\t\t<\/div>\n\t\t<\/section>\n\t\t\t\t<section class=\"elementor-section elementor-top-section elementor-element elementor-element-a865030 elementor-section-boxed elementor-section-height-default elementor-section-height-default parallax_section_no qode_elementor_container_no\" data-id=\"a865030\" data-element_type=\"section\">\n\t\t\t\t\t\t<div class=\"elementor-container elementor-column-gap-default\">\n\t\t\t\t\t<div class=\"elementor-column elementor-col-100 elementor-top-column elementor-element elementor-element-6335212\" data-id=\"6335212\" data-element_type=\"column\">\n\t\t\t<div class=\"elementor-widget-wrap elementor-element-populated\">\n\t\t\t\t\t\t<div class=\"elementor-element elementor-element-8258466 elementor-widget-divider--view-line elementor-widget elementor-widget-divider\" data-id=\"8258466\" data-element_type=\"widget\" data-widget_type=\"divider.default\">\n\t\t\t\t<div class=\"elementor-widget-container\">\n\t\t\t\t\t\t\t<div class=\"elementor-divider\">\n\t\t\t<span class=\"elementor-divider-separator\">\n\t\t\t\t\t\t<\/span>\n\t\t<\/div>\n\t\t\t\t\t\t<\/div>\n\t\t\t\t<\/div>\n\t\t\t\t\t<\/div>\n\t\t<\/div>\n\t\t\t\t\t<\/div>\n\t\t<\/section>\n\t\t\t\t<section class=\"elementor-section elementor-top-section elementor-element elementor-element-a36bc05 elementor-section-boxed elementor-section-height-default elementor-section-height-default parallax_section_no qode_elementor_container_no\" data-id=\"a36bc05\" data-element_type=\"section\">\n\t\t\t\t\t\t<div class=\"elementor-container elementor-column-gap-default\">\n\t\t\t\t\t<div class=\"elementor-column elementor-col-100 elementor-top-column elementor-element elementor-element-ba38913\" data-id=\"ba38913\" data-element_type=\"column\">\n\t\t\t<div class=\"elementor-widget-wrap elementor-element-populated\">\n\t\t\t\t\t\t<div class=\"elementor-element elementor-element-4391b39 elementor-widget elementor-widget-text-editor\" data-id=\"4391b39\" data-element_type=\"widget\" data-widget_type=\"text-editor.default\">\n\t\t\t\t<div class=\"elementor-widget-container\">\n\t\t\t\t\t\t\t\t\t<h3 style=\"text-align: center\"><strong><span style=\"color: #000000\">Jornada sobre el Impacto del Digital Product Passport en la Industria Europea<\/span><\/strong><\/h3>\t\t\t\t\t\t\t\t<\/div>\n\t\t\t\t<\/div>\n\t\t\t\t\t<\/div>\n\t\t<\/div>\n\t\t\t\t\t<\/div>\n\t\t<\/section>\n\t\t\t\t<section class=\"elementor-section elementor-top-section elementor-element elementor-element-89016b2 elementor-section-boxed elementor-section-height-default elementor-section-height-default parallax_section_no qode_elementor_container_no\" data-id=\"89016b2\" data-element_type=\"section\">\n\t\t\t\t\t\t<div class=\"elementor-container elementor-column-gap-default\">\n\t\t\t\t\t<div class=\"elementor-column elementor-col-50 elementor-top-column elementor-element elementor-element-b6aaf4e\" data-id=\"b6aaf4e\" data-element_type=\"column\">\n\t\t\t<div class=\"elementor-widget-wrap elementor-element-populated\">\n\t\t\t\t\t\t<div class=\"elementor-element elementor-element-38d5e1a elementor-widget elementor-widget-text-editor\" data-id=\"38d5e1a\" data-element_type=\"widget\" data-widget_type=\"text-editor.default\">\n\t\t\t\t<div class=\"elementor-widget-container\">\n\t\t\t\t\t\t\t\t\t<p><span style=\"color: #000000\">En el marco de nuestras actividades, SECARTYS organiz\u00f3 una jornada dedicada al <strong>Digital Product Passport (DPP)<\/strong>, una acreditaci\u00f3n que revolucionar\u00e1 la trazabilidad y la transparencia en el mercado europeo a partir de 2026. Contamos con la participaci\u00f3n de <a href=\"https:\/\/www.linkedin.com\/in\/sara-pardo-502b7921\"><strong>Sara Parto<\/strong><\/a>, representante de <a href=\"https:\/\/metyis.com\/\"><strong>Metyis<\/strong><\/a>, quien desglos\u00f3 los desaf\u00edos y oportunidades que esta regulaci\u00f3n plantea, especialmente para sectores como el textil, y su potencial impacto en otras industrias.<\/span><\/p>\t\t\t\t\t\t\t\t<\/div>\n\t\t\t\t<\/div>\n\t\t\t\t\t<\/div>\n\t\t<\/div>\n\t\t\t\t<div class=\"elementor-column elementor-col-50 elementor-top-column elementor-element elementor-element-f29925f\" data-id=\"f29925f\" data-element_type=\"column\">\n\t\t\t<div class=\"elementor-widget-wrap elementor-element-populated\">\n\t\t\t\t\t\t<div class=\"elementor-element elementor-element-5d23a17 elementor-widget elementor-widget-image\" data-id=\"5d23a17\" data-element_type=\"widget\" data-widget_type=\"image.default\">\n\t\t\t\t<div class=\"elementor-widget-container\">\n\t\t\t\t\t\t\t\t\t\t\t\t\t\t\t<img decoding=\"async\" width=\"400\" height=\"260\" src=\"https:\/\/www.secartys.org\/wp-content\/uploads\/IMG-20241108-WA0005-400x260.jpg\" class=\"attachment-qode-carousel_slider size-qode-carousel_slider wp-image-32534\" alt=\"\" \/>\t\t\t\t\t\t\t\t\t\t\t\t\t\t\t<\/div>\n\t\t\t\t<\/div>\n\t\t\t\t\t<\/div>\n\t\t<\/div>\n\t\t\t\t\t<\/div>\n\t\t<\/section>\n\t\t\t\t<section class=\"elementor-section elementor-top-section elementor-element elementor-element-e9ba4c9 elementor-section-boxed elementor-section-height-default elementor-section-height-default parallax_section_no qode_elementor_container_no\" data-id=\"e9ba4c9\" data-element_type=\"section\">\n\t\t\t\t\t\t<div class=\"elementor-container elementor-column-gap-default\">\n\t\t\t\t\t<div class=\"elementor-column elementor-col-100 elementor-top-column elementor-element elementor-element-bcd179c\" data-id=\"bcd179c\" data-element_type=\"column\">\n\t\t\t<div class=\"elementor-widget-wrap elementor-element-populated\">\n\t\t\t\t\t\t<div class=\"elementor-element elementor-element-46f33ae elementor-widget elementor-widget-text-editor\" data-id=\"46f33ae\" data-element_type=\"widget\" data-widget_type=\"text-editor.default\">\n\t\t\t\t<div class=\"elementor-widget-container\">\n\t\t\t\t\t\t\t\t\t<p><span style=\"color: #000000\">Entre los puntos destacados de la jornada se abordaron:<\/span><\/p><ul><li><span style=\"color: #000000\"><strong>Regulaciones geogr\u00e1ficas:<\/strong>\u00a0La necesidad de adaptar los sistemas de trazabilidad para cada mercado.<\/span><\/li><li><span style=\"color: #000000\"><strong>Identificaci\u00f3n de la cadena de suministro:<\/strong>\u00a0Garantizando que cada eslab\u00f3n sea visible y verificable.<\/span><\/li><li><span style=\"color: #000000\"><span style=\"color: #000000\"><strong>Costes de implementaci\u00f3n tecnol\u00f3gica:<\/strong>\u00a0Con herramientas como blockchain y software estandarizado para proteger la integridad de los datos.<br \/><br \/><\/span><\/span><\/li><\/ul><p><span style=\"color: #000000\">Esta nueva regulaci\u00f3n fomenta una cultura de transparencia y responsabilidad compartida a lo largo de la cadena de valor. Desde <strong>Secartys<\/strong>, estamos comprometidos en <strong>apoyar a nuestras empresas asociadas en este proceso de adaptaci\u00f3n, ofreciendo orientaci\u00f3n, formaci\u00f3n y oportunidades<\/strong> de colaboraci\u00f3n con socios estrat\u00e9gicos para facilitar la transici\u00f3n.a<\/span><\/p>\t\t\t\t\t\t\t\t<\/div>\n\t\t\t\t<\/div>\n\t\t\t\t\t<\/div>\n\t\t<\/div>\n\t\t\t\t\t<\/div>\n\t\t<\/section>\n\t\t\t\t<\/div>\n\t\t","protected":false},"excerpt":{"rendered":"<p>La feria MATELEC 2024 se consolid\u00f3 como un evento clave para la industria tecnol\u00f3gica y electr\u00f3nica, y SECARTYS participo una vez m\u00e1s en esta importante cita bienal. Este a\u00f1o, compartimos espacio junto a algunas de las empresas m\u00e1s destacadas de nuestro ecosistema, incluyendo: RM ELECTRONIC\u00a0&#8230;<\/p>\n","protected":false},"author":1,"featured_media":32761,"comment_status":"closed","ping_status":"open","sticky":false,"template":"","format":"standard","meta":{"footnotes":""},"categories":[174,194,187,170],"tags":[651,653,649,656,654,655,652,648,658,647,657,650,220,249],"class_list":["post-32520","post","type-post","status-publish","format-standard","has-post-thumbnail","hentry","category-contenido-ferias-y-congresos","category-contenido-internacionalizacion","category-contenido-secartys","category-contenido-socios-secartys","tag-blockchain","tag-colaboracionempresarial","tag-digitalproductpassport","tag-eventosprofesionales","tag-feriastecnologicas","tag-industriaeuropea","tag-industriatecnologica","tag-innovacionelectronica","tag-innovacionsostenible","tag-matelec2024","tag-transparenciadigital","tag-trazabilidad","tag-internacionalizacion","tag-sostenibilidad"],"yoast_head":"<!-- This site is optimized with the Yoast SEO plugin v26.5 - https:\/\/yoast.com\/wordpress\/plugins\/seo\/ -->\n<title>SECARTYS en Matelec 2024 | Secartys<\/title>\n<meta name=\"robots\" content=\"index, follow, max-snippet:-1, max-image-preview:large, max-video-preview:-1\" \/>\n<link rel=\"canonical\" href=\"https:\/\/www.secartys.org\/es\/secartys-en-matelec-2024\/\" \/>\n<meta property=\"og:locale\" content=\"es_ES\" \/>\n<meta property=\"og:type\" content=\"article\" \/>\n<meta property=\"og:title\" content=\"SECARTYS en Matelec 2024 | Secartys\" \/>\n<meta property=\"og:description\" content=\"La feria MATELEC 2024 se consolid\u00f3 como un evento clave para la industria tecnol\u00f3gica y electr\u00f3nica, y SECARTYS participo una vez m\u00e1s en esta importante cita bienal. Este a\u00f1o, compartimos espacio junto a algunas de las empresas m\u00e1s destacadas de nuestro ecosistema, incluyendo: RM ELECTRONIC\u00a0...\" \/>\n<meta property=\"og:url\" content=\"https:\/\/www.secartys.org\/es\/secartys-en-matelec-2024\/\" \/>\n<meta property=\"og:site_name\" content=\"Secartys\" \/>\n<meta property=\"article:published_time\" content=\"2024-11-19T11:28:43+00:00\" \/>\n<meta property=\"article:modified_time\" content=\"2024-11-25T13:30:14+00:00\" \/>\n<meta property=\"og:image\" content=\"https:\/\/www.secartys.org\/wp-content\/uploads\/PORTADA_MATELEC.jpg\" \/>\n\t<meta property=\"og:image:width\" content=\"1000\" \/>\n\t<meta property=\"og:image:height\" content=\"500\" \/>\n\t<meta property=\"og:image:type\" content=\"image\/jpeg\" \/>\n<meta name=\"author\" content=\"Secartys\" \/>\n<meta name=\"twitter:card\" content=\"summary_large_image\" \/>\n<meta name=\"twitter:creator\" content=\"@Secartys\" \/>\n<meta name=\"twitter:site\" content=\"@SECARTYS\" \/>\n<meta name=\"twitter:label1\" content=\"Escrito por\" \/>\n\t<meta name=\"twitter:data1\" content=\"Secartys\" \/>\n\t<meta name=\"twitter:label2\" content=\"Tiempo de lectura\" \/>\n\t<meta name=\"twitter:data2\" content=\"2 minutos\" \/>\n<script type=\"application\/ld+json\" class=\"yoast-schema-graph\">{\"@context\":\"https:\/\/schema.org\",\"@graph\":[{\"@type\":\"Article\",\"@id\":\"https:\/\/www.secartys.org\/es\/secartys-en-matelec-2024\/#article\",\"isPartOf\":{\"@id\":\"https:\/\/www.secartys.org\/es\/secartys-en-matelec-2024\/\"},\"author\":{\"name\":\"Secartys\",\"@id\":\"https:\/\/www.secartys.org\/es\/#\/schema\/person\/3ec92591105bc3394dd3e84577929c80\"},\"headline\":\"SECARTYS en Matelec 2024\",\"datePublished\":\"2024-11-19T11:28:43+00:00\",\"dateModified\":\"2024-11-25T13:30:14+00:00\",\"mainEntityOfPage\":{\"@id\":\"https:\/\/www.secartys.org\/es\/secartys-en-matelec-2024\/\"},\"wordCount\":315,\"publisher\":{\"@id\":\"https:\/\/www.secartys.org\/es\/#organization\"},\"image\":{\"@id\":\"https:\/\/www.secartys.org\/es\/secartys-en-matelec-2024\/#primaryimage\"},\"thumbnailUrl\":\"https:\/\/www.secartys.org\/wp-content\/uploads\/PORTADA_MATELEC.jpg\",\"keywords\":[\"#Blockchain\",\"#Colaboraci\u00f3nEmpresarial\",\"#DigitalProductPassport\",\"#EventosProfesionales\",\"#FeriasTecnol\u00f3gicas\",\"#IndustriaEuropea\",\"#IndustriaTecnol\u00f3gica\",\"#Innovaci\u00f3nElectr\u00f3nica\",\"#Innovaci\u00f3nSostenible\",\"#Matelec2024\",\"#TransparenciaDigital\",\"#Trazabilidad\",\"internacionalizaci\u00f3n\",\"sostenibilidad\"],\"articleSection\":[\"Ferias y Congresos\",\"Internacionalizaci\u00f3n\",\"Secartys\",\"Socios Secartys\"],\"inLanguage\":\"es\"},{\"@type\":\"WebPage\",\"@id\":\"https:\/\/www.secartys.org\/es\/secartys-en-matelec-2024\/\",\"url\":\"https:\/\/www.secartys.org\/es\/secartys-en-matelec-2024\/\",\"name\":\"SECARTYS en Matelec 2024 | Secartys\",\"isPartOf\":{\"@id\":\"https:\/\/www.secartys.org\/es\/#website\"},\"primaryImageOfPage\":{\"@id\":\"https:\/\/www.secartys.org\/es\/secartys-en-matelec-2024\/#primaryimage\"},\"image\":{\"@id\":\"https:\/\/www.secartys.org\/es\/secartys-en-matelec-2024\/#primaryimage\"},\"thumbnailUrl\":\"https:\/\/www.secartys.org\/wp-content\/uploads\/PORTADA_MATELEC.jpg\",\"datePublished\":\"2024-11-19T11:28:43+00:00\",\"dateModified\":\"2024-11-25T13:30:14+00:00\",\"breadcrumb\":{\"@id\":\"https:\/\/www.secartys.org\/es\/secartys-en-matelec-2024\/#breadcrumb\"},\"inLanguage\":\"es\",\"potentialAction\":[{\"@type\":\"ReadAction\",\"target\":[\"https:\/\/www.secartys.org\/es\/secartys-en-matelec-2024\/\"]}]},{\"@type\":\"ImageObject\",\"inLanguage\":\"es\",\"@id\":\"https:\/\/www.secartys.org\/es\/secartys-en-matelec-2024\/#primaryimage\",\"url\":\"https:\/\/www.secartys.org\/wp-content\/uploads\/PORTADA_MATELEC.jpg\",\"contentUrl\":\"https:\/\/www.secartys.org\/wp-content\/uploads\/PORTADA_MATELEC.jpg\",\"width\":1000,\"height\":500},{\"@type\":\"BreadcrumbList\",\"@id\":\"https:\/\/www.secartys.org\/es\/secartys-en-matelec-2024\/#breadcrumb\",\"itemListElement\":[{\"@type\":\"ListItem\",\"position\":1,\"name\":\"Portada\",\"item\":\"https:\/\/www.secartys.org\/es\/\"},{\"@type\":\"ListItem\",\"position\":2,\"name\":\"SECARTYS en Matelec 2024\"}]},{\"@type\":\"WebSite\",\"@id\":\"https:\/\/www.secartys.org\/es\/#website\",\"url\":\"https:\/\/www.secartys.org\/es\/\",\"name\":\"Secartys\",\"description\":\"Secartys es una agrupaci\u00f3n empresarial sin \u00e1nimo de lucro que dedica sus esfuerzos a fomentar la competitividad de sus asociados.\",\"publisher\":{\"@id\":\"https:\/\/www.secartys.org\/es\/#organization\"},\"potentialAction\":[{\"@type\":\"SearchAction\",\"target\":{\"@type\":\"EntryPoint\",\"urlTemplate\":\"https:\/\/www.secartys.org\/es\/?s={search_term_string}\"},\"query-input\":{\"@type\":\"PropertyValueSpecification\",\"valueRequired\":true,\"valueName\":\"search_term_string\"}}],\"inLanguage\":\"es\"},{\"@type\":\"Organization\",\"@id\":\"https:\/\/www.secartys.org\/es\/#organization\",\"name\":\"SECARTYS\",\"url\":\"https:\/\/www.secartys.org\/es\/\",\"logo\":{\"@type\":\"ImageObject\",\"inLanguage\":\"es\",\"@id\":\"https:\/\/www.secartys.org\/es\/#\/schema\/logo\/image\/\",\"url\":\"https:\/\/www.secartys.org\/wp-content\/uploads\/logo-secartys-web-oficial.png\",\"contentUrl\":\"https:\/\/www.secartys.org\/wp-content\/uploads\/logo-secartys-web-oficial.png\",\"width\":400,\"height\":120,\"caption\":\"SECARTYS\"},\"image\":{\"@id\":\"https:\/\/www.secartys.org\/es\/#\/schema\/logo\/image\/\"},\"sameAs\":[\"https:\/\/x.com\/SECARTYS\",\"https:\/\/www.linkedin.com\/company\/secartys\/\",\"https:\/\/www.youtube.com\/user\/secartys\/\"]},{\"@type\":\"Person\",\"@id\":\"https:\/\/www.secartys.org\/es\/#\/schema\/person\/3ec92591105bc3394dd3e84577929c80\",\"name\":\"Secartys\",\"sameAs\":[\"https:\/\/x.com\/Secartys\"]}]}<\/script>\n<!-- \/ Yoast SEO plugin. -->","yoast_head_json":{"title":"SECARTYS en Matelec 2024 | Secartys","robots":{"index":"index","follow":"follow","max-snippet":"max-snippet:-1","max-image-preview":"max-image-preview:large","max-video-preview":"max-video-preview:-1"},"canonical":"https:\/\/www.secartys.org\/es\/secartys-en-matelec-2024\/","og_locale":"es_ES","og_type":"article","og_title":"SECARTYS en Matelec 2024 | Secartys","og_description":"La feria MATELEC 2024 se consolid\u00f3 como un evento clave para la industria tecnol\u00f3gica y electr\u00f3nica, y SECARTYS participo una vez m\u00e1s en esta importante cita bienal. Este a\u00f1o, compartimos espacio junto a algunas de las empresas m\u00e1s destacadas de nuestro ecosistema, incluyendo: RM ELECTRONIC\u00a0...","og_url":"https:\/\/www.secartys.org\/es\/secartys-en-matelec-2024\/","og_site_name":"Secartys","article_published_time":"2024-11-19T11:28:43+00:00","article_modified_time":"2024-11-25T13:30:14+00:00","og_image":[{"width":1000,"height":500,"url":"https:\/\/www.secartys.org\/wp-content\/uploads\/PORTADA_MATELEC.jpg","type":"image\/jpeg"}],"author":"Secartys","twitter_card":"summary_large_image","twitter_creator":"@Secartys","twitter_site":"@SECARTYS","twitter_misc":{"Escrito por":"Secartys","Tiempo de lectura":"2 minutos"},"schema":{"@context":"https:\/\/schema.org","@graph":[{"@type":"Article","@id":"https:\/\/www.secartys.org\/es\/secartys-en-matelec-2024\/#article","isPartOf":{"@id":"https:\/\/www.secartys.org\/es\/secartys-en-matelec-2024\/"},"author":{"name":"Secartys","@id":"https:\/\/www.secartys.org\/es\/#\/schema\/person\/3ec92591105bc3394dd3e84577929c80"},"headline":"SECARTYS en Matelec 2024","datePublished":"2024-11-19T11:28:43+00:00","dateModified":"2024-11-25T13:30:14+00:00","mainEntityOfPage":{"@id":"https:\/\/www.secartys.org\/es\/secartys-en-matelec-2024\/"},"wordCount":315,"publisher":{"@id":"https:\/\/www.secartys.org\/es\/#organization"},"image":{"@id":"https:\/\/www.secartys.org\/es\/secartys-en-matelec-2024\/#primaryimage"},"thumbnailUrl":"https:\/\/www.secartys.org\/wp-content\/uploads\/PORTADA_MATELEC.jpg","keywords":["#Blockchain","#Colaboraci\u00f3nEmpresarial","#DigitalProductPassport","#EventosProfesionales","#FeriasTecnol\u00f3gicas","#IndustriaEuropea","#IndustriaTecnol\u00f3gica","#Innovaci\u00f3nElectr\u00f3nica","#Innovaci\u00f3nSostenible","#Matelec2024","#TransparenciaDigital","#Trazabilidad","internacionalizaci\u00f3n","sostenibilidad"],"articleSection":["Ferias y Congresos","Internacionalizaci\u00f3n","Secartys","Socios Secartys"],"inLanguage":"es"},{"@type":"WebPage","@id":"https:\/\/www.secartys.org\/es\/secartys-en-matelec-2024\/","url":"https:\/\/www.secartys.org\/es\/secartys-en-matelec-2024\/","name":"SECARTYS en Matelec 2024 | Secartys","isPartOf":{"@id":"https:\/\/www.secartys.org\/es\/#website"},"primaryImageOfPage":{"@id":"https:\/\/www.secartys.org\/es\/secartys-en-matelec-2024\/#primaryimage"},"image":{"@id":"https:\/\/www.secartys.org\/es\/secartys-en-matelec-2024\/#primaryimage"},"thumbnailUrl":"https:\/\/www.secartys.org\/wp-content\/uploads\/PORTADA_MATELEC.jpg","datePublished":"2024-11-19T11:28:43+00:00","dateModified":"2024-11-25T13:30:14+00:00","breadcrumb":{"@id":"https:\/\/www.secartys.org\/es\/secartys-en-matelec-2024\/#breadcrumb"},"inLanguage":"es","potentialAction":[{"@type":"ReadAction","target":["https:\/\/www.secartys.org\/es\/secartys-en-matelec-2024\/"]}]},{"@type":"ImageObject","inLanguage":"es","@id":"https:\/\/www.secartys.org\/es\/secartys-en-matelec-2024\/#primaryimage","url":"https:\/\/www.secartys.org\/wp-content\/uploads\/PORTADA_MATELEC.jpg","contentUrl":"https:\/\/www.secartys.org\/wp-content\/uploads\/PORTADA_MATELEC.jpg","width":1000,"height":500},{"@type":"BreadcrumbList","@id":"https:\/\/www.secartys.org\/es\/secartys-en-matelec-2024\/#breadcrumb","itemListElement":[{"@type":"ListItem","position":1,"name":"Portada","item":"https:\/\/www.secartys.org\/es\/"},{"@type":"ListItem","position":2,"name":"SECARTYS en Matelec 2024"}]},{"@type":"WebSite","@id":"https:\/\/www.secartys.org\/es\/#website","url":"https:\/\/www.secartys.org\/es\/","name":"Secartys","description":"Secartys es una agrupaci\u00f3n empresarial sin \u00e1nimo de lucro que dedica sus esfuerzos a fomentar la competitividad de sus asociados.","publisher":{"@id":"https:\/\/www.secartys.org\/es\/#organization"},"potentialAction":[{"@type":"SearchAction","target":{"@type":"EntryPoint","urlTemplate":"https:\/\/www.secartys.org\/es\/?s={search_term_string}"},"query-input":{"@type":"PropertyValueSpecification","valueRequired":true,"valueName":"search_term_string"}}],"inLanguage":"es"},{"@type":"Organization","@id":"https:\/\/www.secartys.org\/es\/#organization","name":"SECARTYS","url":"https:\/\/www.secartys.org\/es\/","logo":{"@type":"ImageObject","inLanguage":"es","@id":"https:\/\/www.secartys.org\/es\/#\/schema\/logo\/image\/","url":"https:\/\/www.secartys.org\/wp-content\/uploads\/logo-secartys-web-oficial.png","contentUrl":"https:\/\/www.secartys.org\/wp-content\/uploads\/logo-secartys-web-oficial.png","width":400,"height":120,"caption":"SECARTYS"},"image":{"@id":"https:\/\/www.secartys.org\/es\/#\/schema\/logo\/image\/"},"sameAs":["https:\/\/x.com\/SECARTYS","https:\/\/www.linkedin.com\/company\/secartys\/","https:\/\/www.youtube.com\/user\/secartys\/"]},{"@type":"Person","@id":"https:\/\/www.secartys.org\/es\/#\/schema\/person\/3ec92591105bc3394dd3e84577929c80","name":"Secartys","sameAs":["https:\/\/x.com\/Secartys"]}]}},"_links":{"self":[{"href":"https:\/\/www.secartys.org\/es\/wp-json\/wp\/v2\/posts\/32520","targetHints":{"allow":["GET"]}}],"collection":[{"href":"https:\/\/www.secartys.org\/es\/wp-json\/wp\/v2\/posts"}],"about":[{"href":"https:\/\/www.secartys.org\/es\/wp-json\/wp\/v2\/types\/post"}],"author":[{"embeddable":true,"href":"https:\/\/www.secartys.org\/es\/wp-json\/wp\/v2\/users\/1"}],"replies":[{"embeddable":true,"href":"https:\/\/www.secartys.org\/es\/wp-json\/wp\/v2\/comments?post=32520"}],"version-history":[{"count":23,"href":"https:\/\/www.secartys.org\/es\/wp-json\/wp\/v2\/posts\/32520\/revisions"}],"predecessor-version":[{"id":32774,"href":"https:\/\/www.secartys.org\/es\/wp-json\/wp\/v2\/posts\/32520\/revisions\/32774"}],"wp:featuredmedia":[{"embeddable":true,"href":"https:\/\/www.secartys.org\/es\/wp-json\/wp\/v2\/media\/32761"}],"wp:attachment":[{"href":"https:\/\/www.secartys.org\/es\/wp-json\/wp\/v2\/media?parent=32520"}],"wp:term":[{"taxonomy":"category","embeddable":true,"href":"https:\/\/www.secartys.org\/es\/wp-json\/wp\/v2\/categories?post=32520"},{"taxonomy":"post_tag","embeddable":true,"href":"https:\/\/www.secartys.org\/es\/wp-json\/wp\/v2\/tags?post=32520"}],"curies":[{"name":"wp","href":"https:\/\/api.w.org\/{rel}","templated":true}]}}