{"id":34075,"date":"2026-04-28T09:39:47","date_gmt":"2026-04-28T07:39:47","guid":{"rendered":"https:\/\/www.secartys.org\/?p=34075"},"modified":"2026-04-28T09:44:46","modified_gmt":"2026-04-28T07:44:46","slug":"de-la-idea-al-proyecto-como-acceder-a-financiacion-en-el-ambito-de-defensa","status":"publish","type":"post","link":"https:\/\/www.secartys.org\/es\/de-la-idea-al-proyecto-como-acceder-a-financiacion-en-el-ambito-de-defensa\/","title":{"rendered":"De la idea al proyecto: c\u00f3mo acceder a financiaci\u00f3n en el \u00e1mbito de defensa"},"content":{"rendered":"\t\t<div data-elementor-type=\"wp-post\" data-elementor-id=\"34075\" class=\"elementor elementor-34075\">\n\t\t\t\t\t\t<section class=\"elementor-section elementor-top-section elementor-element elementor-element-f8fd751 elementor-section-boxed elementor-section-height-default elementor-section-height-default parallax_section_no qode_elementor_container_no\" data-id=\"f8fd751\" data-element_type=\"section\">\n\t\t\t\t\t\t<div class=\"elementor-container elementor-column-gap-default\">\n\t\t\t\t\t<div class=\"elementor-column elementor-col-100 elementor-top-column elementor-element elementor-element-9eff6a4\" data-id=\"9eff6a4\" data-element_type=\"column\">\n\t\t\t<div class=\"elementor-widget-wrap elementor-element-populated\">\n\t\t\t\t\t\t<div class=\"elementor-element elementor-element-beb1069 elementor-widget elementor-widget-text-editor\" data-id=\"beb1069\" data-element_type=\"widget\" data-widget_type=\"text-editor.default\">\n\t\t\t\t<div class=\"elementor-widget-container\">\n\t\t\t\t\t\t\t\t\t<div>La<strong> innovaci\u00f3n<\/strong> en el \u00e1mbito de<strong> defensa<\/strong> se est\u00e1 consolidando como una v\u00eda real de crecimiento para <strong>empresas tecnol\u00f3gicas e industriales<\/strong> con capacidades diferenciales y potencial de aplicaci\u00f3n dual. En un contexto en el que la inversi\u00f3n p\u00fablica en este sector sigue aumentando y se refuerza el inter\u00e9s estrat\u00e9gico por la soberan\u00eda tecnol\u00f3gica, cada vez m\u00e1s <strong>pymes<\/strong> se plantean c\u00f3mo transformar sus desarrollos en proyectos con opciones reales de financiaci\u00f3n.<\/div><div>\u00a0<\/div><div><div class=\"scriptor-paragraph\">Durante el webinar organizado por <strong>Secartys Group<\/strong> y celebrado el pasado <strong>23 de abril<\/strong>, el equipo de <strong>SECARTYS<\/strong> abord\u00f3 de forma pr\u00e1ctica c\u00f3mo dar este paso: desde la identificaci\u00f3n de oportunidades hasta la estructuraci\u00f3n de propuestas orientadas a convocatorias p\u00fablicas nacionales. A lo largo de la sesi\u00f3n, se explic\u00f3 qu\u00e9 l\u00edneas de apoyo conviene tener en el radar, qu\u00e9 tipo de proyectos tienen mejor encaje y c\u00f3mo estructurar una propuesta orientada a este \u00e1mbito. La sesi\u00f3n puso el foco en un aspecto clave para muchas empresas: no basta con disponer de una buena tecnolog\u00eda, es necesario saber c\u00f3mo adaptarla, posicionarla y presentarla dentro del marco espec\u00edfico del sector defensa.<\/div><\/div><div>\u00a0<\/div><div>A lo largo del webinar se analizaron las principales l\u00edneas de apoyo disponibles, as\u00ed como los criterios que determinan qu\u00e9 tipo de proyectos tienen mayor encaje en este \u00e1mbito. En este sentido, se destac\u00f3 la importancia de <strong>entender el contexto<\/strong>, <strong>las prioridades estrat\u00e9gicas<\/strong> y <strong>los requisitos asociados a este tipo de iniciativas,<\/strong> que suelen diferir de otros entornos de financiaci\u00f3n m\u00e1s tradicionales.<\/div><div>\u00a0<\/div><div>Uno de los puntos centrales de la sesi\u00f3n fue c\u00f3mo identificar si una <strong>tecnolog\u00eda<\/strong> cuenta realmente con potencial de aplicaci\u00f3n en <strong>defensa<\/strong>. Este ejercicio requiere no solo una evaluaci\u00f3n t\u00e9cnica, sino tambi\u00e9n una lectura estrat\u00e9gica del mercado, de sus necesidades y de los actores que lo conforman. En muchos casos, el reto no reside en la <strong>capacidad tecnol\u00f3gica<\/strong>, sino en saber traducir esa capacidad en una propuesta alineada con los<strong> objetivos del sector<\/strong>.<\/div><div>\u00a0<\/div><div>Asimismo, se abordaron las claves para transformar una idea en un <strong>proyecto financiable<\/strong>, poniendo especial \u00e9nfasis en la <strong>estructuraci\u00f3n de la propuesta<\/strong>, la <strong>definici\u00f3n del alcance<\/strong>, la <strong>identificaci\u00f3n de socios adecuados y la coherencia con las l\u00edneas de financiaci\u00f3n existentes<\/strong>. Activar una propuesta en este entorno implica trabajar con un enfoque orientado a proyecto, donde la claridad, la viabilidad y el encaje estrat\u00e9gico son determinantes.<\/div><div>\u00a0<\/div><div><div>Desde <strong>Secartys Group<\/strong>, seguimos impulsando iniciativas que permitan a las <strong>pymes tecnol\u00f3gicas<\/strong> acercarse a mercados estrat\u00e9gicos, activar nuevas oportunidades de innovaci\u00f3n y fortalecer su posicionamiento en entornos de alto valor a\u00f1adido.<\/div><\/div><div>\u00a0<\/div><div><div>La sesi\u00f3n completa est\u00e1 disponible en el siguiente enlace:<a href=\"https:\/\/www.youtube.com\/watch?v=ZuhweGu9Ojg\" target=\"_blank\" rel=\"noopener\">\u00a0Webinar | De la idea al proyecto: ayudas p\u00fablicas nacionales para la innovaci\u00f3n en defensa<\/a><\/div><\/div><div>\u00a0<\/div>\t\t\t\t\t\t\t\t<\/div>\n\t\t\t\t<\/div>\n\t\t\t\t\t<\/div>\n\t\t<\/div>\n\t\t\t\t\t<\/div>\n\t\t<\/section>\n\t\t\t\t<\/div>\n\t\t","protected":false},"excerpt":{"rendered":"<p>La innovaci\u00f3n en el \u00e1mbito de defensa se est\u00e1 consolidando como una v\u00eda real de crecimiento para empresas tecnol\u00f3gicas e industriales con capacidades diferenciales y potencial de aplicaci\u00f3n dual. En un contexto en el que la inversi\u00f3n p\u00fablica en este sector sigue aumentando y se&#8230;<\/p>\n","protected":false},"author":1,"featured_media":34076,"comment_status":"closed","ping_status":"open","sticky":false,"template":"","format":"standard","meta":{"footnotes":""},"categories":[187],"tags":[],"class_list":["post-34075","post","type-post","status-publish","format-standard","has-post-thumbnail","hentry","category-contenido-secartys"],"yoast_head":"<!-- This site is optimized with the Yoast SEO plugin v26.5 - https:\/\/yoast.com\/wordpress\/plugins\/seo\/ -->\n<title>De la idea al proyecto: c\u00f3mo acceder a financiaci\u00f3n en el \u00e1mbito de defensa | Secartys<\/title>\n<meta name=\"description\" content=\"La innovaci\u00f3n en el \u00e1mbito de defensa se est\u00e1 consolidando como una v\u00eda real de crecimiento para empresas tecnol\u00f3gicas e industriales con capacidades diferenciales y potencial de aplicaci\u00f3n dual. En un contexto en el que la inversi\u00f3n p\u00fablica en este sector sigue aumentando y se refuerza el inter\u00e9s estrat\u00e9gico por la soberan\u00eda tecnol\u00f3gica, cada vez m\u00e1s pymes se plantean c\u00f3mo transformar sus desarrollos en proyectos con opciones reales de financiaci\u00f3n.\" \/>\n<meta name=\"robots\" content=\"index, follow, max-snippet:-1, max-image-preview:large, max-video-preview:-1\" \/>\n<link rel=\"canonical\" href=\"https:\/\/www.secartys.org\/es\/de-la-idea-al-proyecto-como-acceder-a-financiacion-en-el-ambito-de-defensa\/\" \/>\n<meta property=\"og:locale\" content=\"es_ES\" \/>\n<meta property=\"og:type\" content=\"article\" \/>\n<meta property=\"og:title\" content=\"De la idea al proyecto: c\u00f3mo acceder a financiaci\u00f3n en el \u00e1mbito de defensa | Secartys\" \/>\n<meta property=\"og:description\" content=\"La innovaci\u00f3n en el \u00e1mbito de defensa se est\u00e1 consolidando como una v\u00eda real de crecimiento para empresas tecnol\u00f3gicas e industriales con capacidades diferenciales y potencial de aplicaci\u00f3n dual. En un contexto en el que la inversi\u00f3n p\u00fablica en este sector sigue aumentando y se refuerza el inter\u00e9s estrat\u00e9gico por la soberan\u00eda tecnol\u00f3gica, cada vez m\u00e1s pymes se plantean c\u00f3mo transformar sus desarrollos en proyectos con opciones reales de financiaci\u00f3n.\" \/>\n<meta property=\"og:url\" content=\"https:\/\/www.secartys.org\/es\/de-la-idea-al-proyecto-como-acceder-a-financiacion-en-el-ambito-de-defensa\/\" \/>\n<meta property=\"og:site_name\" content=\"Secartys\" \/>\n<meta property=\"article:published_time\" content=\"2026-04-28T07:39:47+00:00\" \/>\n<meta property=\"article:modified_time\" content=\"2026-04-28T07:44:46+00:00\" \/>\n<meta property=\"og:image\" content=\"https:\/\/www.secartys.org\/wp-content\/uploads\/Webinar-2-Como-entrar-en-el-sector-defensa-21.png\" \/>\n\t<meta property=\"og:image:width\" content=\"1000\" \/>\n\t<meta property=\"og:image:height\" content=\"500\" \/>\n\t<meta property=\"og:image:type\" content=\"image\/png\" \/>\n<meta name=\"author\" content=\"Secartys\" \/>\n<meta name=\"twitter:card\" content=\"summary_large_image\" \/>\n<meta name=\"twitter:creator\" content=\"@Secartys\" \/>\n<meta name=\"twitter:site\" content=\"@SECARTYS\" \/>\n<meta name=\"twitter:label1\" content=\"Escrito por\" \/>\n\t<meta name=\"twitter:data1\" content=\"Secartys\" \/>\n\t<meta name=\"twitter:label2\" content=\"Tiempo de lectura\" \/>\n\t<meta name=\"twitter:data2\" content=\"2 minutos\" \/>\n<script type=\"application\/ld+json\" class=\"yoast-schema-graph\">{\"@context\":\"https:\/\/schema.org\",\"@graph\":[{\"@type\":\"Article\",\"@id\":\"https:\/\/www.secartys.org\/es\/de-la-idea-al-proyecto-como-acceder-a-financiacion-en-el-ambito-de-defensa\/#article\",\"isPartOf\":{\"@id\":\"https:\/\/www.secartys.org\/es\/de-la-idea-al-proyecto-como-acceder-a-financiacion-en-el-ambito-de-defensa\/\"},\"author\":{\"name\":\"Secartys\",\"@id\":\"https:\/\/www.secartys.org\/es\/#\/schema\/person\/3ec92591105bc3394dd3e84577929c80\"},\"headline\":\"De la idea al proyecto: c\u00f3mo acceder a financiaci\u00f3n en el \u00e1mbito de defensa\",\"datePublished\":\"2026-04-28T07:39:47+00:00\",\"dateModified\":\"2026-04-28T07:44:46+00:00\",\"mainEntityOfPage\":{\"@id\":\"https:\/\/www.secartys.org\/es\/de-la-idea-al-proyecto-como-acceder-a-financiacion-en-el-ambito-de-defensa\/\"},\"wordCount\":499,\"publisher\":{\"@id\":\"https:\/\/www.secartys.org\/es\/#organization\"},\"image\":{\"@id\":\"https:\/\/www.secartys.org\/es\/de-la-idea-al-proyecto-como-acceder-a-financiacion-en-el-ambito-de-defensa\/#primaryimage\"},\"thumbnailUrl\":\"https:\/\/www.secartys.org\/wp-content\/uploads\/Webinar-2-Como-entrar-en-el-sector-defensa-21.png\",\"articleSection\":[\"Secartys\"],\"inLanguage\":\"es\"},{\"@type\":\"WebPage\",\"@id\":\"https:\/\/www.secartys.org\/es\/de-la-idea-al-proyecto-como-acceder-a-financiacion-en-el-ambito-de-defensa\/\",\"url\":\"https:\/\/www.secartys.org\/es\/de-la-idea-al-proyecto-como-acceder-a-financiacion-en-el-ambito-de-defensa\/\",\"name\":\"De la idea al proyecto: c\u00f3mo acceder a financiaci\u00f3n en el \u00e1mbito de defensa | Secartys\",\"isPartOf\":{\"@id\":\"https:\/\/www.secartys.org\/es\/#website\"},\"primaryImageOfPage\":{\"@id\":\"https:\/\/www.secartys.org\/es\/de-la-idea-al-proyecto-como-acceder-a-financiacion-en-el-ambito-de-defensa\/#primaryimage\"},\"image\":{\"@id\":\"https:\/\/www.secartys.org\/es\/de-la-idea-al-proyecto-como-acceder-a-financiacion-en-el-ambito-de-defensa\/#primaryimage\"},\"thumbnailUrl\":\"https:\/\/www.secartys.org\/wp-content\/uploads\/Webinar-2-Como-entrar-en-el-sector-defensa-21.png\",\"datePublished\":\"2026-04-28T07:39:47+00:00\",\"dateModified\":\"2026-04-28T07:44:46+00:00\",\"description\":\"La innovaci\u00f3n en el \u00e1mbito de defensa se est\u00e1 consolidando como una v\u00eda real de crecimiento para empresas tecnol\u00f3gicas e industriales con capacidades diferenciales y potencial de aplicaci\u00f3n dual. En un contexto en el que la inversi\u00f3n p\u00fablica en este sector sigue aumentando y se refuerza el inter\u00e9s estrat\u00e9gico por la soberan\u00eda tecnol\u00f3gica, cada vez m\u00e1s pymes se plantean c\u00f3mo transformar sus desarrollos en proyectos con opciones reales de financiaci\u00f3n.\",\"breadcrumb\":{\"@id\":\"https:\/\/www.secartys.org\/es\/de-la-idea-al-proyecto-como-acceder-a-financiacion-en-el-ambito-de-defensa\/#breadcrumb\"},\"inLanguage\":\"es\",\"potentialAction\":[{\"@type\":\"ReadAction\",\"target\":[\"https:\/\/www.secartys.org\/es\/de-la-idea-al-proyecto-como-acceder-a-financiacion-en-el-ambito-de-defensa\/\"]}]},{\"@type\":\"ImageObject\",\"inLanguage\":\"es\",\"@id\":\"https:\/\/www.secartys.org\/es\/de-la-idea-al-proyecto-como-acceder-a-financiacion-en-el-ambito-de-defensa\/#primaryimage\",\"url\":\"https:\/\/www.secartys.org\/wp-content\/uploads\/Webinar-2-Como-entrar-en-el-sector-defensa-21.png\",\"contentUrl\":\"https:\/\/www.secartys.org\/wp-content\/uploads\/Webinar-2-Como-entrar-en-el-sector-defensa-21.png\",\"width\":1000,\"height\":500},{\"@type\":\"BreadcrumbList\",\"@id\":\"https:\/\/www.secartys.org\/es\/de-la-idea-al-proyecto-como-acceder-a-financiacion-en-el-ambito-de-defensa\/#breadcrumb\",\"itemListElement\":[{\"@type\":\"ListItem\",\"position\":1,\"name\":\"Portada\",\"item\":\"https:\/\/www.secartys.org\/es\/\"},{\"@type\":\"ListItem\",\"position\":2,\"name\":\"De la idea al proyecto: c\u00f3mo acceder a financiaci\u00f3n en el \u00e1mbito de defensa\"}]},{\"@type\":\"WebSite\",\"@id\":\"https:\/\/www.secartys.org\/es\/#website\",\"url\":\"https:\/\/www.secartys.org\/es\/\",\"name\":\"Secartys\",\"description\":\"Secartys es una agrupaci\u00f3n empresarial sin \u00e1nimo de lucro que dedica sus esfuerzos a fomentar la competitividad de sus asociados.\",\"publisher\":{\"@id\":\"https:\/\/www.secartys.org\/es\/#organization\"},\"potentialAction\":[{\"@type\":\"SearchAction\",\"target\":{\"@type\":\"EntryPoint\",\"urlTemplate\":\"https:\/\/www.secartys.org\/es\/?s={search_term_string}\"},\"query-input\":{\"@type\":\"PropertyValueSpecification\",\"valueRequired\":true,\"valueName\":\"search_term_string\"}}],\"inLanguage\":\"es\"},{\"@type\":\"Organization\",\"@id\":\"https:\/\/www.secartys.org\/es\/#organization\",\"name\":\"SECARTYS\",\"url\":\"https:\/\/www.secartys.org\/es\/\",\"logo\":{\"@type\":\"ImageObject\",\"inLanguage\":\"es\",\"@id\":\"https:\/\/www.secartys.org\/es\/#\/schema\/logo\/image\/\",\"url\":\"https:\/\/www.secartys.org\/wp-content\/uploads\/logo-secartys-web-oficial.png\",\"contentUrl\":\"https:\/\/www.secartys.org\/wp-content\/uploads\/logo-secartys-web-oficial.png\",\"width\":400,\"height\":120,\"caption\":\"SECARTYS\"},\"image\":{\"@id\":\"https:\/\/www.secartys.org\/es\/#\/schema\/logo\/image\/\"},\"sameAs\":[\"https:\/\/x.com\/SECARTYS\",\"https:\/\/www.linkedin.com\/company\/secartys\/\",\"https:\/\/www.youtube.com\/user\/secartys\/\"]},{\"@type\":\"Person\",\"@id\":\"https:\/\/www.secartys.org\/es\/#\/schema\/person\/3ec92591105bc3394dd3e84577929c80\",\"name\":\"Secartys\",\"sameAs\":[\"https:\/\/x.com\/Secartys\"]}]}<\/script>\n<!-- \/ Yoast SEO plugin. -->","yoast_head_json":{"title":"De la idea al proyecto: c\u00f3mo acceder a financiaci\u00f3n en el \u00e1mbito de defensa | Secartys","description":"La innovaci\u00f3n en el \u00e1mbito de defensa se est\u00e1 consolidando como una v\u00eda real de crecimiento para empresas tecnol\u00f3gicas e industriales con capacidades diferenciales y potencial de aplicaci\u00f3n dual. En un contexto en el que la inversi\u00f3n p\u00fablica en este sector sigue aumentando y se refuerza el inter\u00e9s estrat\u00e9gico por la soberan\u00eda tecnol\u00f3gica, cada vez m\u00e1s pymes se plantean c\u00f3mo transformar sus desarrollos en proyectos con opciones reales de financiaci\u00f3n.","robots":{"index":"index","follow":"follow","max-snippet":"max-snippet:-1","max-image-preview":"max-image-preview:large","max-video-preview":"max-video-preview:-1"},"canonical":"https:\/\/www.secartys.org\/es\/de-la-idea-al-proyecto-como-acceder-a-financiacion-en-el-ambito-de-defensa\/","og_locale":"es_ES","og_type":"article","og_title":"De la idea al proyecto: c\u00f3mo acceder a financiaci\u00f3n en el \u00e1mbito de defensa | Secartys","og_description":"La innovaci\u00f3n en el \u00e1mbito de defensa se est\u00e1 consolidando como una v\u00eda real de crecimiento para empresas tecnol\u00f3gicas e industriales con capacidades diferenciales y potencial de aplicaci\u00f3n dual. En un contexto en el que la inversi\u00f3n p\u00fablica en este sector sigue aumentando y se refuerza el inter\u00e9s estrat\u00e9gico por la soberan\u00eda tecnol\u00f3gica, cada vez m\u00e1s pymes se plantean c\u00f3mo transformar sus desarrollos en proyectos con opciones reales de financiaci\u00f3n.","og_url":"https:\/\/www.secartys.org\/es\/de-la-idea-al-proyecto-como-acceder-a-financiacion-en-el-ambito-de-defensa\/","og_site_name":"Secartys","article_published_time":"2026-04-28T07:39:47+00:00","article_modified_time":"2026-04-28T07:44:46+00:00","og_image":[{"width":1000,"height":500,"url":"https:\/\/www.secartys.org\/wp-content\/uploads\/Webinar-2-Como-entrar-en-el-sector-defensa-21.png","type":"image\/png"}],"author":"Secartys","twitter_card":"summary_large_image","twitter_creator":"@Secartys","twitter_site":"@SECARTYS","twitter_misc":{"Escrito por":"Secartys","Tiempo de lectura":"2 minutos"},"schema":{"@context":"https:\/\/schema.org","@graph":[{"@type":"Article","@id":"https:\/\/www.secartys.org\/es\/de-la-idea-al-proyecto-como-acceder-a-financiacion-en-el-ambito-de-defensa\/#article","isPartOf":{"@id":"https:\/\/www.secartys.org\/es\/de-la-idea-al-proyecto-como-acceder-a-financiacion-en-el-ambito-de-defensa\/"},"author":{"name":"Secartys","@id":"https:\/\/www.secartys.org\/es\/#\/schema\/person\/3ec92591105bc3394dd3e84577929c80"},"headline":"De la idea al proyecto: c\u00f3mo acceder a financiaci\u00f3n en el \u00e1mbito de defensa","datePublished":"2026-04-28T07:39:47+00:00","dateModified":"2026-04-28T07:44:46+00:00","mainEntityOfPage":{"@id":"https:\/\/www.secartys.org\/es\/de-la-idea-al-proyecto-como-acceder-a-financiacion-en-el-ambito-de-defensa\/"},"wordCount":499,"publisher":{"@id":"https:\/\/www.secartys.org\/es\/#organization"},"image":{"@id":"https:\/\/www.secartys.org\/es\/de-la-idea-al-proyecto-como-acceder-a-financiacion-en-el-ambito-de-defensa\/#primaryimage"},"thumbnailUrl":"https:\/\/www.secartys.org\/wp-content\/uploads\/Webinar-2-Como-entrar-en-el-sector-defensa-21.png","articleSection":["Secartys"],"inLanguage":"es"},{"@type":"WebPage","@id":"https:\/\/www.secartys.org\/es\/de-la-idea-al-proyecto-como-acceder-a-financiacion-en-el-ambito-de-defensa\/","url":"https:\/\/www.secartys.org\/es\/de-la-idea-al-proyecto-como-acceder-a-financiacion-en-el-ambito-de-defensa\/","name":"De la idea al proyecto: c\u00f3mo acceder a financiaci\u00f3n en el \u00e1mbito de defensa | Secartys","isPartOf":{"@id":"https:\/\/www.secartys.org\/es\/#website"},"primaryImageOfPage":{"@id":"https:\/\/www.secartys.org\/es\/de-la-idea-al-proyecto-como-acceder-a-financiacion-en-el-ambito-de-defensa\/#primaryimage"},"image":{"@id":"https:\/\/www.secartys.org\/es\/de-la-idea-al-proyecto-como-acceder-a-financiacion-en-el-ambito-de-defensa\/#primaryimage"},"thumbnailUrl":"https:\/\/www.secartys.org\/wp-content\/uploads\/Webinar-2-Como-entrar-en-el-sector-defensa-21.png","datePublished":"2026-04-28T07:39:47+00:00","dateModified":"2026-04-28T07:44:46+00:00","description":"La innovaci\u00f3n en el \u00e1mbito de defensa se est\u00e1 consolidando como una v\u00eda real de crecimiento para empresas tecnol\u00f3gicas e industriales con capacidades diferenciales y potencial de aplicaci\u00f3n dual. En un contexto en el que la inversi\u00f3n p\u00fablica en este sector sigue aumentando y se refuerza el inter\u00e9s estrat\u00e9gico por la soberan\u00eda tecnol\u00f3gica, cada vez m\u00e1s pymes se plantean c\u00f3mo transformar sus desarrollos en proyectos con opciones reales de financiaci\u00f3n.","breadcrumb":{"@id":"https:\/\/www.secartys.org\/es\/de-la-idea-al-proyecto-como-acceder-a-financiacion-en-el-ambito-de-defensa\/#breadcrumb"},"inLanguage":"es","potentialAction":[{"@type":"ReadAction","target":["https:\/\/www.secartys.org\/es\/de-la-idea-al-proyecto-como-acceder-a-financiacion-en-el-ambito-de-defensa\/"]}]},{"@type":"ImageObject","inLanguage":"es","@id":"https:\/\/www.secartys.org\/es\/de-la-idea-al-proyecto-como-acceder-a-financiacion-en-el-ambito-de-defensa\/#primaryimage","url":"https:\/\/www.secartys.org\/wp-content\/uploads\/Webinar-2-Como-entrar-en-el-sector-defensa-21.png","contentUrl":"https:\/\/www.secartys.org\/wp-content\/uploads\/Webinar-2-Como-entrar-en-el-sector-defensa-21.png","width":1000,"height":500},{"@type":"BreadcrumbList","@id":"https:\/\/www.secartys.org\/es\/de-la-idea-al-proyecto-como-acceder-a-financiacion-en-el-ambito-de-defensa\/#breadcrumb","itemListElement":[{"@type":"ListItem","position":1,"name":"Portada","item":"https:\/\/www.secartys.org\/es\/"},{"@type":"ListItem","position":2,"name":"De la idea al proyecto: c\u00f3mo acceder a financiaci\u00f3n en el \u00e1mbito de defensa"}]},{"@type":"WebSite","@id":"https:\/\/www.secartys.org\/es\/#website","url":"https:\/\/www.secartys.org\/es\/","name":"Secartys","description":"Secartys es una agrupaci\u00f3n empresarial sin \u00e1nimo de lucro que dedica sus esfuerzos a fomentar la competitividad de sus asociados.","publisher":{"@id":"https:\/\/www.secartys.org\/es\/#organization"},"potentialAction":[{"@type":"SearchAction","target":{"@type":"EntryPoint","urlTemplate":"https:\/\/www.secartys.org\/es\/?s={search_term_string}"},"query-input":{"@type":"PropertyValueSpecification","valueRequired":true,"valueName":"search_term_string"}}],"inLanguage":"es"},{"@type":"Organization","@id":"https:\/\/www.secartys.org\/es\/#organization","name":"SECARTYS","url":"https:\/\/www.secartys.org\/es\/","logo":{"@type":"ImageObject","inLanguage":"es","@id":"https:\/\/www.secartys.org\/es\/#\/schema\/logo\/image\/","url":"https:\/\/www.secartys.org\/wp-content\/uploads\/logo-secartys-web-oficial.png","contentUrl":"https:\/\/www.secartys.org\/wp-content\/uploads\/logo-secartys-web-oficial.png","width":400,"height":120,"caption":"SECARTYS"},"image":{"@id":"https:\/\/www.secartys.org\/es\/#\/schema\/logo\/image\/"},"sameAs":["https:\/\/x.com\/SECARTYS","https:\/\/www.linkedin.com\/company\/secartys\/","https:\/\/www.youtube.com\/user\/secartys\/"]},{"@type":"Person","@id":"https:\/\/www.secartys.org\/es\/#\/schema\/person\/3ec92591105bc3394dd3e84577929c80","name":"Secartys","sameAs":["https:\/\/x.com\/Secartys"]}]}},"_links":{"self":[{"href":"https:\/\/www.secartys.org\/es\/wp-json\/wp\/v2\/posts\/34075","targetHints":{"allow":["GET"]}}],"collection":[{"href":"https:\/\/www.secartys.org\/es\/wp-json\/wp\/v2\/posts"}],"about":[{"href":"https:\/\/www.secartys.org\/es\/wp-json\/wp\/v2\/types\/post"}],"author":[{"embeddable":true,"href":"https:\/\/www.secartys.org\/es\/wp-json\/wp\/v2\/users\/1"}],"replies":[{"embeddable":true,"href":"https:\/\/www.secartys.org\/es\/wp-json\/wp\/v2\/comments?post=34075"}],"version-history":[{"count":7,"href":"https:\/\/www.secartys.org\/es\/wp-json\/wp\/v2\/posts\/34075\/revisions"}],"predecessor-version":[{"id":34083,"href":"https:\/\/www.secartys.org\/es\/wp-json\/wp\/v2\/posts\/34075\/revisions\/34083"}],"wp:featuredmedia":[{"embeddable":true,"href":"https:\/\/www.secartys.org\/es\/wp-json\/wp\/v2\/media\/34076"}],"wp:attachment":[{"href":"https:\/\/www.secartys.org\/es\/wp-json\/wp\/v2\/media?parent=34075"}],"wp:term":[{"taxonomy":"category","embeddable":true,"href":"https:\/\/www.secartys.org\/es\/wp-json\/wp\/v2\/categories?post=34075"},{"taxonomy":"post_tag","embeddable":true,"href":"https:\/\/www.secartys.org\/es\/wp-json\/wp\/v2\/tags?post=34075"}],"curies":[{"name":"wp","href":"https:\/\/api.w.org\/{rel}","templated":true}]}}