{"id":34084,"date":"2026-04-30T08:50:14","date_gmt":"2026-04-30T06:50:14","guid":{"rendered":"https:\/\/www.secartys.org\/?p=34084"},"modified":"2026-04-30T08:50:45","modified_gmt":"2026-04-30T06:50:45","slug":"secartys-participa-en-el-programa-que-capacitara-a-empresas-catalanas-para-acceder-al-sector-de-la-seguridad-y-la-defensa","status":"publish","type":"post","link":"https:\/\/www.secartys.org\/es\/secartys-participa-en-el-programa-que-capacitara-a-empresas-catalanas-para-acceder-al-sector-de-la-seguridad-y-la-defensa\/","title":{"rendered":"Secartys participa en el programa que capacitar\u00e1 a empresas catalanas para acceder al sector de la seguridad y la defensa"},"content":{"rendered":"\t\t<div data-elementor-type=\"wp-post\" data-elementor-id=\"34084\" class=\"elementor elementor-34084\">\n\t\t\t\t\t\t<section class=\"elementor-section elementor-top-section elementor-element elementor-element-f8fd751 elementor-section-boxed elementor-section-height-default elementor-section-height-default parallax_section_no qode_elementor_container_no\" data-id=\"f8fd751\" data-element_type=\"section\">\n\t\t\t\t\t\t<div class=\"elementor-container elementor-column-gap-default\">\n\t\t\t\t\t<div class=\"elementor-column elementor-col-100 elementor-top-column elementor-element elementor-element-9eff6a4\" data-id=\"9eff6a4\" data-element_type=\"column\">\n\t\t\t<div class=\"elementor-widget-wrap elementor-element-populated\">\n\t\t\t\t\t\t<div class=\"elementor-element elementor-element-beb1069 elementor-widget elementor-widget-text-editor\" data-id=\"beb1069\" data-element_type=\"widget\" data-widget_type=\"text-editor.default\">\n\t\t\t\t<div class=\"elementor-widget-container\">\n\t\t\t\t\t\t\t\t\t<div><span style=\"font-weight: 600;\">La asociaci\u00f3n colaborar\u00e1 en la sesi\u00f3n multisectorial del \u201cDual Technology &amp; Industry Readiness Programme\u201d, una iniciativa impulsada por ACCI\u00d3 para ayudar a pymes industriales y tecnol\u00f3gicas a identificar oportunidades vinculadas a las tecnolog\u00edas duales.<\/span><\/div>\n<div>&nbsp;<\/div>\n<div>\n<div>Secartys participar\u00e1 en el <span style=\"font-weight: 600;\">Dual Technology &amp; Industry Readiness Programme<\/span>, el nuevo programa impulsado por <span style=\"font-weight: 600;\">ACCI\u00d3<\/span>, coorganizado con la <span style=\"font-weight: 600;\">Escuela de Organizaci\u00f3n Industrial (EOI)<\/span> y con la colaboraci\u00f3n del <span style=\"font-weight: 600;\">Ministerio de Industria y Turismo<\/span>, el <span style=\"font-weight: 600;\">Ministerio de Defensa<\/span> y <span style=\"font-weight: 600;\">AeroS<\/span>, que tiene como objetivo capacitar hasta a <span style=\"font-weight: 600;\">400 empresas catalanas<\/span> para introducirse en el sector de la seguridad y la defensa.&nbsp;<\/div>\n<\/div>\n<div>&nbsp;<\/div>\n<div>La iniciativa nace en un contexto estrat\u00e9gico para la industria catalana y europea. La seguridad, la defensa, la autonom\u00eda tecnol\u00f3gica y la reindustrializaci\u00f3n se est\u00e1n consolidando como \u00e1mbitos prioritarios de inversi\u00f3n p\u00fablica y de cooperaci\u00f3n empresarial. En este escenario, Catalu\u00f1a ha hecho p\u00fablica su voluntad de incrementar el peso de sus empresas en los contratos y oportunidades vinculadas al sector, con la aspiraci\u00f3n de que el tejido empresarial catal\u00e1n pueda captar hasta el <span style=\"font-weight: 600;\">25% del presupuesto estatal en defensa<\/span>.&nbsp;<\/div>\n<div>&nbsp;<\/div>\n<div>Para Secartys, este nuevo marco supone una oportunidad clara para activar y acompa\u00f1ar a empresas industriales y tecnol\u00f3gicas que ya cuentan con capacidades aplicables a la seguridad y la defensa, aunque hasta ahora no se hayan dirigido espec\u00edficamente a este mercado. Tecnolog\u00edas vinculadas a la electr\u00f3nica, la inteligencia artificial, la sens\u00f3rica, la conectividad, la energ\u00eda, la iluminaci\u00f3n inteligente, la ciberseguridad, el audiovisual t\u00e9cnico, la automatizaci\u00f3n o la fabricaci\u00f3n avanzada pueden tener aplicaciones duales, es decir, usos tanto civiles como estrat\u00e9gicos<\/div>\n<div>&nbsp;<\/div>\n<div>&nbsp;En este punto es donde Secartys aporta un papel diferencial: <span style=\"font-weight: 600;\">actuar como puente entre la innovaci\u00f3n civil y las nuevas cadenas de valor de la seguridad y la defensa<\/span>. La asociaci\u00f3n trabaja para conectar las capacidades tecnol\u00f3gicas de sus empresas con nuevas oportunidades de financiaci\u00f3n, colaboraci\u00f3n, homologaci\u00f3n, contrataci\u00f3n p\u00fablica y desarrollo de proyectos industriales. Este enfoque forma parte de la evoluci\u00f3n estrat\u00e9gica de Secartys, que busca posicionarse como una plataforma de referencia para ayudar a sus socios a innovar, diversificar mercados y acceder a nuevos \u00e1mbitos de crecimiento vinculados a la autonom\u00eda tecnol\u00f3gica, la seguridad industrial y la competitividad europea.<\/div>\n<p><\/p>\n<div>El programa de ACCI\u00d3 contempla sesiones formativas dirigidas a empresas con tecnolog\u00edas duales o interesadas en acceder al sector. Durante estas jornadas se abordar\u00e1n aspectos clave como las certificaciones necesarias, los procesos de homologaci\u00f3n, la cooperaci\u00f3n tecnol\u00f3gica, las v\u00edas de acceso a la contrataci\u00f3n estatal y europea, y los programas de financiaci\u00f3n disponibles.<\/div>\n<p><\/p>\n<div>&nbsp;<span attribution=\"{&quot;id&quot;:&quot;gamellugo@secartys.org&quot;,&quot;name&quot;:&quot;Guillermo Amellugo&quot;,&quot;timestamp&quot;:1777475400000,&quot;email&quot;:&quot;gamellugo@secartys.org&quot;,&quot;oid&quot;:&quot;4f4a7e12-3080-4152-a4a5-96a8ef2b39fa&quot;,&quot;dataSource&quot;:0}\">En concreto, Secartys colaborar\u00e1 en la <\/span><span attribution=\"{&quot;id&quot;:&quot;gamellugo@secartys.org&quot;,&quot;name&quot;:&quot;Guillermo Amellugo&quot;,&quot;timestamp&quot;:1777475400000,&quot;email&quot;:&quot;gamellugo@secartys.org&quot;,&quot;oid&quot;:&quot;4f4a7e12-3080-4152-a4a5-96a8ef2b39fa&quot;,&quot;dataSource&quot;:0}\" style=\"font-weight: 600;\">sesi\u00f3n de capacitaci\u00f3n multisectorial<\/span><span attribution=\"{&quot;id&quot;:&quot;gamellugo@secartys.org&quot;,&quot;name&quot;:&quot;Guillermo Amellugo&quot;,&quot;timestamp&quot;:1777475400000,&quot;email&quot;:&quot;gamellugo@secartys.org&quot;,&quot;oid&quot;:&quot;4f4a7e12-3080-4152-a4a5-96a8ef2b39fa&quot;,&quot;dataSource&quot;:0}\">, prevista para el <\/span><span attribution=\"{&quot;id&quot;:&quot;gamellugo@secartys.org&quot;,&quot;name&quot;:&quot;Guillermo Amellugo&quot;,&quot;timestamp&quot;:1777475400000,&quot;email&quot;:&quot;gamellugo@secartys.org&quot;,&quot;oid&quot;:&quot;4f4a7e12-3080-4152-a4a5-96a8ef2b39fa&quot;,&quot;dataSource&quot;:0}\" style=\"font-weight: 600;\">8 de junio en Barcelona<\/span><span attribution=\"{&quot;id&quot;:&quot;gamellugo@secartys.org&quot;,&quot;name&quot;:&quot;Guillermo Amellugo&quot;,&quot;timestamp&quot;:1777475400000,&quot;email&quot;:&quot;gamellugo@secartys.org&quot;,&quot;oid&quot;:&quot;4f4a7e12-3080-4152-a4a5-96a8ef2b39fa&quot;,&quot;dataSource&quot;:0}\">, dirigida a cargos directivos de empresas catalanas industriales o tecnol\u00f3gicas de sectores diversos, m\u00e1s all\u00e1 de automoci\u00f3n, aeroespacial, maquinaria y metalurgia. La jornada tiene como objetivo capacitar a las empresas para participar en proyectos de desarrollo, fabricaci\u00f3n de productos o aplicaci\u00f3n de tecnolog\u00edas de uso dual.<\/span><br><\/div>\n<p><br><\/p>\n<p>La participaci\u00f3n de Secartys en esta iniciativa refuerza su rol como punto de conexi\u00f3n entre empresas, administraciones, cl\u00fasteres, centros de conocimiento y nuevos mercados estrat\u00e9gicos. M\u00e1s all\u00e1 de la formaci\u00f3n, el objetivo es que las empresas puedan entender c\u00f3mo funciona este sector, qu\u00e9 requisitos exige, qu\u00e9 oportunidades existen y c\u00f3mo pueden adaptar sus capacidades actuales para formar parte de futuras cadenas de valor nacionales e internacionales.<\/p>\n<p><\/p>\n<div attribution=\"{&quot;id&quot;:&quot;gamellugo@secartys.org&quot;,&quot;name&quot;:&quot;Guillermo Amellugo&quot;,&quot;timestamp&quot;:1777475400000,&quot;email&quot;:&quot;gamellugo@secartys.org&quot;,&quot;oid&quot;:&quot;4f4a7e12-3080-4152-a4a5-96a8ef2b39fa&quot;,&quot;dataSource&quot;:0}\"><span attribution=\"{&quot;id&quot;:&quot;gamellugo@secartys.org&quot;,&quot;name&quot;:&quot;Guillermo Amellugo&quot;,&quot;timestamp&quot;:1777475400000,&quot;email&quot;:&quot;gamellugo@secartys.org&quot;,&quot;oid&quot;:&quot;4f4a7e12-3080-4152-a4a5-96a8ef2b39fa&quot;,&quot;dataSource&quot;:0}\">Desde Secartys consideramos que la entrada de nuevas pymes industriales y tecnol\u00f3gicas en el \u00e1mbito de la seguridad y la defensa debe abordarse desde una visi\u00f3n responsable, colaborativa y orientada a la innovaci\u00f3n. No se trata solo de acceder a un nuevo mercado, sino de contribuir a una industria m\u00e1s preparada, m\u00e1s aut\u00f3noma y m\u00e1s conectada con los grandes retos de Europa.<\/span><\/div>\n<p><\/p>\n<div>\n<\/div>\n<div><span attribution=\"{&quot;id&quot;:&quot;gamellugo@secartys.org&quot;,&quot;name&quot;:&quot;Guillermo Amellugo&quot;,&quot;timestamp&quot;:1777475400000,&quot;email&quot;:&quot;gamellugo@secartys.org&quot;,&quot;oid&quot;:&quot;4f4a7e12-3080-4152-a4a5-96a8ef2b39fa&quot;,&quot;dataSource&quot;:0}\">Las empresas interesadas en explorar el potencial dual de sus tecnolog\u00edas y conocer las oportunidades que ofrece este nuevo entorno pueden participar en la sesi\u00f3n multisectorial del <\/span><span attribution=\"{&quot;id&quot;:&quot;gamellugo@secartys.org&quot;,&quot;name&quot;:&quot;Guillermo Amellugo&quot;,&quot;timestamp&quot;:1777475400000,&quot;email&quot;:&quot;gamellugo@secartys.org&quot;,&quot;oid&quot;:&quot;4f4a7e12-3080-4152-a4a5-96a8ef2b39fa&quot;,&quot;dataSource&quot;:0}\" style=\"font-weight: 600;\">Dual Technology &amp; Industry Readiness Programme<\/span><span attribution=\"{&quot;id&quot;:&quot;gamellugo@secartys.org&quot;,&quot;name&quot;:&quot;Guillermo Amellugo&quot;,&quot;timestamp&quot;:1777475400000,&quot;email&quot;:&quot;gamellugo@secartys.org&quot;,&quot;oid&quot;:&quot;4f4a7e12-3080-4152-a4a5-96a8ef2b39fa&quot;,&quot;dataSource&quot;:0}\">.<\/span><\/div>\n<div><span attribution=\"{&quot;id&quot;:&quot;gamellugo@secartys.org&quot;,&quot;name&quot;:&quot;Guillermo Amellugo&quot;,&quot;timestamp&quot;:1777475400000,&quot;email&quot;:&quot;gamellugo@secartys.org&quot;,&quot;oid&quot;:&quot;4f4a7e12-3080-4152-a4a5-96a8ef2b39fa&quot;,&quot;dataSource&quot;:0}\"><br><\/span><\/div>\n<p><\/p>\n<div attribution=\"{&quot;id&quot;:&quot;gamellugo@secartys.org&quot;,&quot;name&quot;:&quot;Guillermo Amellugo&quot;,&quot;timestamp&quot;:1777475400000,&quot;email&quot;:&quot;gamellugo@secartys.org&quot;,&quot;oid&quot;:&quot;4f4a7e12-3080-4152-a4a5-96a8ef2b39fa&quot;,&quot;dataSource&quot;:0}\"><span attribution=\"{&quot;id&quot;:&quot;gamellugo@secartys.org&quot;,&quot;name&quot;:&quot;Guillermo Amellugo&quot;,&quot;timestamp&quot;:1777475400000,&quot;email&quot;:&quot;gamellugo@secartys.org&quot;,&quot;oid&quot;:&quot;4f4a7e12-3080-4152-a4a5-96a8ef2b39fa&quot;,&quot;dataSource&quot;:0}\" style=\"font-weight: 600;\">Inscr\u00edbete en la sesi\u00f3n de capacitaci\u00f3n multisectorial:&nbsp;https:\/\/shre.ink\/7vBN<\/span><\/div>\n<div attribution=\"{&quot;id&quot;:&quot;gamellugo@secartys.org&quot;,&quot;name&quot;:&quot;Guillermo Amellugo&quot;,&quot;timestamp&quot;:1777475400000,&quot;email&quot;:&quot;gamellugo@secartys.org&quot;,&quot;oid&quot;:&quot;4f4a7e12-3080-4152-a4a5-96a8ef2b39fa&quot;,&quot;dataSource&quot;:0}\"><span attribution=\"{&quot;id&quot;:&quot;gamellugo@secartys.org&quot;,&quot;name&quot;:&quot;Guillermo Amellugo&quot;,&quot;timestamp&quot;:1777475400000,&quot;email&quot;:&quot;gamellugo@secartys.org&quot;,&quot;oid&quot;:&quot;4f4a7e12-3080-4152-a4a5-96a8ef2b39fa&quot;,&quot;dataSource&quot;:0}\" style=\"font-weight: 600;\"><br><\/span><\/div><div attribution=\"{&quot;id&quot;:&quot;gamellugo@secartys.org&quot;,&quot;name&quot;:&quot;Guillermo Amellugo&quot;,&quot;timestamp&quot;:1777475400000,&quot;email&quot;:&quot;gamellugo@secartys.org&quot;,&quot;oid&quot;:&quot;4f4a7e12-3080-4152-a4a5-96a8ef2b39fa&quot;,&quot;dataSource&quot;:0}\"><span attribution=\"{&quot;id&quot;:&quot;gamellugo@secartys.org&quot;,&quot;name&quot;:&quot;Guillermo Amellugo&quot;,&quot;timestamp&quot;:1777475400000,&quot;email&quot;:&quot;gamellugo@secartys.org&quot;,&quot;oid&quot;:&quot;4f4a7e12-3080-4152-a4a5-96a8ef2b39fa&quot;,&quot;dataSource&quot;:0}\" style=\"font-weight: 600;\"><div class=\"scriptor-paragraph\" attribution=\"{&quot;id&quot;:&quot;gamellugo@secartys.org&quot;,&quot;name&quot;:&quot;Guillermo Amellugo&quot;,&quot;timestamp&quot;:1777475400000,&quot;email&quot;:&quot;gamellugo@secartys.org&quot;,&quot;oid&quot;:&quot;4f4a7e12-3080-4152-a4a5-96a8ef2b39fa&quot;,&quot;dataSource&quot;:0}\"><span attribution=\"{&quot;id&quot;:&quot;gamellugo@secartys.org&quot;,&quot;name&quot;:&quot;Guillermo Amellugo&quot;,&quot;timestamp&quot;:1777475400000,&quot;email&quot;:&quot;gamellugo@secartys.org&quot;,&quot;oid&quot;:&quot;4f4a7e12-3080-4152-a4a5-96a8ef2b39fa&quot;,&quot;dataSource&quot;:0}\">8 de junio \u00b7 Barcelona \u00b7 Programa Dual Technology &amp; Industry Readiness Programme<\/span><\/div><\/span><\/div>\n<p><\/p>\t\t\t\t\t\t\t\t<\/div>\n\t\t\t\t<\/div>\n\t\t\t\t\t<\/div>\n\t\t<\/div>\n\t\t\t\t\t<\/div>\n\t\t<\/section>\n\t\t\t\t<\/div>\n\t\t","protected":false},"excerpt":{"rendered":"<p>La asociaci\u00f3n colaborar\u00e1 en la sesi\u00f3n multisectorial del \u201cDual Technology &amp; Industry Readiness Programme\u201d, una iniciativa impulsada por ACCI\u00d3 para ayudar a pymes industriales y tecnol\u00f3gicas a identificar oportunidades vinculadas a las tecnolog\u00edas duales. &nbsp; Secartys participar\u00e1 en el Dual Technology &amp; Industry Readiness Programme,&#8230;<\/p>\n","protected":false},"author":1,"featured_media":34086,"comment_status":"closed","ping_status":"open","sticky":false,"template":"","format":"standard","meta":{"footnotes":""},"categories":[187],"tags":[],"class_list":["post-34084","post","type-post","status-publish","format-standard","has-post-thumbnail","hentry","category-contenido-secartys"],"yoast_head":"<!-- This site is optimized with the Yoast SEO plugin v26.5 - https:\/\/yoast.com\/wordpress\/plugins\/seo\/ -->\n<title>Secartys participa en el programa que capacitar\u00e1 a empresas catalanas para acceder al sector de la seguridad y la defensa | Secartys<\/title>\n<meta name=\"description\" content=\"La asociaci\u00f3n colaborar\u00e1 en la sesi\u00f3n multisectorial del \u201cDual Technology &amp; Industry Readiness Programme\u201d, una iniciativa impulsada por ACCI\u00d3 para ayudar a pymes industriales y tecnol\u00f3gicas a identificar oportunidades vinculadas a las tecnolog\u00edas duales.\" \/>\n<meta name=\"robots\" content=\"index, follow, max-snippet:-1, max-image-preview:large, max-video-preview:-1\" \/>\n<link rel=\"canonical\" href=\"https:\/\/www.secartys.org\/es\/secartys-participa-en-el-programa-que-capacitara-a-empresas-catalanas-para-acceder-al-sector-de-la-seguridad-y-la-defensa\/\" \/>\n<meta property=\"og:locale\" content=\"es_ES\" \/>\n<meta property=\"og:type\" content=\"article\" \/>\n<meta property=\"og:title\" content=\"Secartys participa en el programa que capacitar\u00e1 a empresas catalanas para acceder al sector de la seguridad y la defensa | Secartys\" \/>\n<meta property=\"og:description\" content=\"La asociaci\u00f3n colaborar\u00e1 en la sesi\u00f3n multisectorial del \u201cDual Technology &amp; Industry Readiness Programme\u201d, una iniciativa impulsada por ACCI\u00d3 para ayudar a pymes industriales y tecnol\u00f3gicas a identificar oportunidades vinculadas a las tecnolog\u00edas duales.\" \/>\n<meta property=\"og:url\" content=\"https:\/\/www.secartys.org\/es\/secartys-participa-en-el-programa-que-capacitara-a-empresas-catalanas-para-acceder-al-sector-de-la-seguridad-y-la-defensa\/\" \/>\n<meta property=\"og:site_name\" content=\"Secartys\" \/>\n<meta property=\"article:published_time\" content=\"2026-04-30T06:50:14+00:00\" \/>\n<meta property=\"article:modified_time\" content=\"2026-04-30T06:50:45+00:00\" \/>\n<meta property=\"og:image\" content=\"https:\/\/www.secartys.org\/wp-content\/uploads\/Captura-de-pantalla-2026-04-29-173403.png\" \/>\n\t<meta property=\"og:image:width\" content=\"743\" \/>\n\t<meta property=\"og:image:height\" content=\"495\" \/>\n\t<meta property=\"og:image:type\" content=\"image\/png\" \/>\n<meta name=\"author\" content=\"Secartys\" \/>\n<meta name=\"twitter:card\" content=\"summary_large_image\" \/>\n<meta name=\"twitter:creator\" content=\"@Secartys\" \/>\n<meta name=\"twitter:site\" content=\"@SECARTYS\" \/>\n<meta name=\"twitter:label1\" content=\"Escrito por\" \/>\n\t<meta name=\"twitter:data1\" content=\"Secartys\" \/>\n\t<meta name=\"twitter:label2\" content=\"Tiempo de lectura\" \/>\n\t<meta name=\"twitter:data2\" content=\"3 minutos\" \/>\n<script type=\"application\/ld+json\" class=\"yoast-schema-graph\">{\"@context\":\"https:\/\/schema.org\",\"@graph\":[{\"@type\":\"Article\",\"@id\":\"https:\/\/www.secartys.org\/es\/secartys-participa-en-el-programa-que-capacitara-a-empresas-catalanas-para-acceder-al-sector-de-la-seguridad-y-la-defensa\/#article\",\"isPartOf\":{\"@id\":\"https:\/\/www.secartys.org\/es\/secartys-participa-en-el-programa-que-capacitara-a-empresas-catalanas-para-acceder-al-sector-de-la-seguridad-y-la-defensa\/\"},\"author\":{\"name\":\"Secartys\",\"@id\":\"https:\/\/www.secartys.org\/es\/#\/schema\/person\/3ec92591105bc3394dd3e84577929c80\"},\"headline\":\"Secartys participa en el programa que capacitar\u00e1 a empresas catalanas para acceder al sector de la seguridad y la defensa\",\"datePublished\":\"2026-04-30T06:50:14+00:00\",\"dateModified\":\"2026-04-30T06:50:45+00:00\",\"mainEntityOfPage\":{\"@id\":\"https:\/\/www.secartys.org\/es\/secartys-participa-en-el-programa-que-capacitara-a-empresas-catalanas-para-acceder-al-sector-de-la-seguridad-y-la-defensa\/\"},\"wordCount\":757,\"publisher\":{\"@id\":\"https:\/\/www.secartys.org\/es\/#organization\"},\"image\":{\"@id\":\"https:\/\/www.secartys.org\/es\/secartys-participa-en-el-programa-que-capacitara-a-empresas-catalanas-para-acceder-al-sector-de-la-seguridad-y-la-defensa\/#primaryimage\"},\"thumbnailUrl\":\"https:\/\/www.secartys.org\/wp-content\/uploads\/Captura-de-pantalla-2026-04-29-173403.png\",\"articleSection\":[\"Secartys\"],\"inLanguage\":\"es\"},{\"@type\":\"WebPage\",\"@id\":\"https:\/\/www.secartys.org\/es\/secartys-participa-en-el-programa-que-capacitara-a-empresas-catalanas-para-acceder-al-sector-de-la-seguridad-y-la-defensa\/\",\"url\":\"https:\/\/www.secartys.org\/es\/secartys-participa-en-el-programa-que-capacitara-a-empresas-catalanas-para-acceder-al-sector-de-la-seguridad-y-la-defensa\/\",\"name\":\"Secartys participa en el programa que capacitar\u00e1 a empresas catalanas para acceder al sector de la seguridad y la defensa | Secartys\",\"isPartOf\":{\"@id\":\"https:\/\/www.secartys.org\/es\/#website\"},\"primaryImageOfPage\":{\"@id\":\"https:\/\/www.secartys.org\/es\/secartys-participa-en-el-programa-que-capacitara-a-empresas-catalanas-para-acceder-al-sector-de-la-seguridad-y-la-defensa\/#primaryimage\"},\"image\":{\"@id\":\"https:\/\/www.secartys.org\/es\/secartys-participa-en-el-programa-que-capacitara-a-empresas-catalanas-para-acceder-al-sector-de-la-seguridad-y-la-defensa\/#primaryimage\"},\"thumbnailUrl\":\"https:\/\/www.secartys.org\/wp-content\/uploads\/Captura-de-pantalla-2026-04-29-173403.png\",\"datePublished\":\"2026-04-30T06:50:14+00:00\",\"dateModified\":\"2026-04-30T06:50:45+00:00\",\"description\":\"La asociaci\u00f3n colaborar\u00e1 en la sesi\u00f3n multisectorial del \u201cDual Technology & Industry Readiness Programme\u201d, una iniciativa impulsada por ACCI\u00d3 para ayudar a pymes industriales y tecnol\u00f3gicas a identificar oportunidades vinculadas a las tecnolog\u00edas duales.\",\"breadcrumb\":{\"@id\":\"https:\/\/www.secartys.org\/es\/secartys-participa-en-el-programa-que-capacitara-a-empresas-catalanas-para-acceder-al-sector-de-la-seguridad-y-la-defensa\/#breadcrumb\"},\"inLanguage\":\"es\",\"potentialAction\":[{\"@type\":\"ReadAction\",\"target\":[\"https:\/\/www.secartys.org\/es\/secartys-participa-en-el-programa-que-capacitara-a-empresas-catalanas-para-acceder-al-sector-de-la-seguridad-y-la-defensa\/\"]}]},{\"@type\":\"ImageObject\",\"inLanguage\":\"es\",\"@id\":\"https:\/\/www.secartys.org\/es\/secartys-participa-en-el-programa-que-capacitara-a-empresas-catalanas-para-acceder-al-sector-de-la-seguridad-y-la-defensa\/#primaryimage\",\"url\":\"https:\/\/www.secartys.org\/wp-content\/uploads\/Captura-de-pantalla-2026-04-29-173403.png\",\"contentUrl\":\"https:\/\/www.secartys.org\/wp-content\/uploads\/Captura-de-pantalla-2026-04-29-173403.png\",\"width\":743,\"height\":495},{\"@type\":\"BreadcrumbList\",\"@id\":\"https:\/\/www.secartys.org\/es\/secartys-participa-en-el-programa-que-capacitara-a-empresas-catalanas-para-acceder-al-sector-de-la-seguridad-y-la-defensa\/#breadcrumb\",\"itemListElement\":[{\"@type\":\"ListItem\",\"position\":1,\"name\":\"Portada\",\"item\":\"https:\/\/www.secartys.org\/es\/\"},{\"@type\":\"ListItem\",\"position\":2,\"name\":\"Secartys participa en el programa que capacitar\u00e1 a empresas catalanas para acceder al sector de la seguridad y la defensa\"}]},{\"@type\":\"WebSite\",\"@id\":\"https:\/\/www.secartys.org\/es\/#website\",\"url\":\"https:\/\/www.secartys.org\/es\/\",\"name\":\"Secartys\",\"description\":\"Secartys es una agrupaci\u00f3n empresarial sin \u00e1nimo de lucro que dedica sus esfuerzos a fomentar la competitividad de sus asociados.\",\"publisher\":{\"@id\":\"https:\/\/www.secartys.org\/es\/#organization\"},\"potentialAction\":[{\"@type\":\"SearchAction\",\"target\":{\"@type\":\"EntryPoint\",\"urlTemplate\":\"https:\/\/www.secartys.org\/es\/?s={search_term_string}\"},\"query-input\":{\"@type\":\"PropertyValueSpecification\",\"valueRequired\":true,\"valueName\":\"search_term_string\"}}],\"inLanguage\":\"es\"},{\"@type\":\"Organization\",\"@id\":\"https:\/\/www.secartys.org\/es\/#organization\",\"name\":\"SECARTYS\",\"url\":\"https:\/\/www.secartys.org\/es\/\",\"logo\":{\"@type\":\"ImageObject\",\"inLanguage\":\"es\",\"@id\":\"https:\/\/www.secartys.org\/es\/#\/schema\/logo\/image\/\",\"url\":\"https:\/\/www.secartys.org\/wp-content\/uploads\/logo-secartys-web-oficial.png\",\"contentUrl\":\"https:\/\/www.secartys.org\/wp-content\/uploads\/logo-secartys-web-oficial.png\",\"width\":400,\"height\":120,\"caption\":\"SECARTYS\"},\"image\":{\"@id\":\"https:\/\/www.secartys.org\/es\/#\/schema\/logo\/image\/\"},\"sameAs\":[\"https:\/\/x.com\/SECARTYS\",\"https:\/\/www.linkedin.com\/company\/secartys\/\",\"https:\/\/www.youtube.com\/user\/secartys\/\"]},{\"@type\":\"Person\",\"@id\":\"https:\/\/www.secartys.org\/es\/#\/schema\/person\/3ec92591105bc3394dd3e84577929c80\",\"name\":\"Secartys\",\"sameAs\":[\"https:\/\/x.com\/Secartys\"]}]}<\/script>\n<!-- \/ Yoast SEO plugin. -->","yoast_head_json":{"title":"Secartys participa en el programa que capacitar\u00e1 a empresas catalanas para acceder al sector de la seguridad y la defensa | Secartys","description":"La asociaci\u00f3n colaborar\u00e1 en la sesi\u00f3n multisectorial del \u201cDual Technology & Industry Readiness Programme\u201d, una iniciativa impulsada por ACCI\u00d3 para ayudar a pymes industriales y tecnol\u00f3gicas a identificar oportunidades vinculadas a las tecnolog\u00edas duales.","robots":{"index":"index","follow":"follow","max-snippet":"max-snippet:-1","max-image-preview":"max-image-preview:large","max-video-preview":"max-video-preview:-1"},"canonical":"https:\/\/www.secartys.org\/es\/secartys-participa-en-el-programa-que-capacitara-a-empresas-catalanas-para-acceder-al-sector-de-la-seguridad-y-la-defensa\/","og_locale":"es_ES","og_type":"article","og_title":"Secartys participa en el programa que capacitar\u00e1 a empresas catalanas para acceder al sector de la seguridad y la defensa | Secartys","og_description":"La asociaci\u00f3n colaborar\u00e1 en la sesi\u00f3n multisectorial del \u201cDual Technology & Industry Readiness Programme\u201d, una iniciativa impulsada por ACCI\u00d3 para ayudar a pymes industriales y tecnol\u00f3gicas a identificar oportunidades vinculadas a las tecnolog\u00edas duales.","og_url":"https:\/\/www.secartys.org\/es\/secartys-participa-en-el-programa-que-capacitara-a-empresas-catalanas-para-acceder-al-sector-de-la-seguridad-y-la-defensa\/","og_site_name":"Secartys","article_published_time":"2026-04-30T06:50:14+00:00","article_modified_time":"2026-04-30T06:50:45+00:00","og_image":[{"width":743,"height":495,"url":"https:\/\/www.secartys.org\/wp-content\/uploads\/Captura-de-pantalla-2026-04-29-173403.png","type":"image\/png"}],"author":"Secartys","twitter_card":"summary_large_image","twitter_creator":"@Secartys","twitter_site":"@SECARTYS","twitter_misc":{"Escrito por":"Secartys","Tiempo de lectura":"3 minutos"},"schema":{"@context":"https:\/\/schema.org","@graph":[{"@type":"Article","@id":"https:\/\/www.secartys.org\/es\/secartys-participa-en-el-programa-que-capacitara-a-empresas-catalanas-para-acceder-al-sector-de-la-seguridad-y-la-defensa\/#article","isPartOf":{"@id":"https:\/\/www.secartys.org\/es\/secartys-participa-en-el-programa-que-capacitara-a-empresas-catalanas-para-acceder-al-sector-de-la-seguridad-y-la-defensa\/"},"author":{"name":"Secartys","@id":"https:\/\/www.secartys.org\/es\/#\/schema\/person\/3ec92591105bc3394dd3e84577929c80"},"headline":"Secartys participa en el programa que capacitar\u00e1 a empresas catalanas para acceder al sector de la seguridad y la defensa","datePublished":"2026-04-30T06:50:14+00:00","dateModified":"2026-04-30T06:50:45+00:00","mainEntityOfPage":{"@id":"https:\/\/www.secartys.org\/es\/secartys-participa-en-el-programa-que-capacitara-a-empresas-catalanas-para-acceder-al-sector-de-la-seguridad-y-la-defensa\/"},"wordCount":757,"publisher":{"@id":"https:\/\/www.secartys.org\/es\/#organization"},"image":{"@id":"https:\/\/www.secartys.org\/es\/secartys-participa-en-el-programa-que-capacitara-a-empresas-catalanas-para-acceder-al-sector-de-la-seguridad-y-la-defensa\/#primaryimage"},"thumbnailUrl":"https:\/\/www.secartys.org\/wp-content\/uploads\/Captura-de-pantalla-2026-04-29-173403.png","articleSection":["Secartys"],"inLanguage":"es"},{"@type":"WebPage","@id":"https:\/\/www.secartys.org\/es\/secartys-participa-en-el-programa-que-capacitara-a-empresas-catalanas-para-acceder-al-sector-de-la-seguridad-y-la-defensa\/","url":"https:\/\/www.secartys.org\/es\/secartys-participa-en-el-programa-que-capacitara-a-empresas-catalanas-para-acceder-al-sector-de-la-seguridad-y-la-defensa\/","name":"Secartys participa en el programa que capacitar\u00e1 a empresas catalanas para acceder al sector de la seguridad y la defensa | Secartys","isPartOf":{"@id":"https:\/\/www.secartys.org\/es\/#website"},"primaryImageOfPage":{"@id":"https:\/\/www.secartys.org\/es\/secartys-participa-en-el-programa-que-capacitara-a-empresas-catalanas-para-acceder-al-sector-de-la-seguridad-y-la-defensa\/#primaryimage"},"image":{"@id":"https:\/\/www.secartys.org\/es\/secartys-participa-en-el-programa-que-capacitara-a-empresas-catalanas-para-acceder-al-sector-de-la-seguridad-y-la-defensa\/#primaryimage"},"thumbnailUrl":"https:\/\/www.secartys.org\/wp-content\/uploads\/Captura-de-pantalla-2026-04-29-173403.png","datePublished":"2026-04-30T06:50:14+00:00","dateModified":"2026-04-30T06:50:45+00:00","description":"La asociaci\u00f3n colaborar\u00e1 en la sesi\u00f3n multisectorial del \u201cDual Technology & Industry Readiness Programme\u201d, una iniciativa impulsada por ACCI\u00d3 para ayudar a pymes industriales y tecnol\u00f3gicas a identificar oportunidades vinculadas a las tecnolog\u00edas duales.","breadcrumb":{"@id":"https:\/\/www.secartys.org\/es\/secartys-participa-en-el-programa-que-capacitara-a-empresas-catalanas-para-acceder-al-sector-de-la-seguridad-y-la-defensa\/#breadcrumb"},"inLanguage":"es","potentialAction":[{"@type":"ReadAction","target":["https:\/\/www.secartys.org\/es\/secartys-participa-en-el-programa-que-capacitara-a-empresas-catalanas-para-acceder-al-sector-de-la-seguridad-y-la-defensa\/"]}]},{"@type":"ImageObject","inLanguage":"es","@id":"https:\/\/www.secartys.org\/es\/secartys-participa-en-el-programa-que-capacitara-a-empresas-catalanas-para-acceder-al-sector-de-la-seguridad-y-la-defensa\/#primaryimage","url":"https:\/\/www.secartys.org\/wp-content\/uploads\/Captura-de-pantalla-2026-04-29-173403.png","contentUrl":"https:\/\/www.secartys.org\/wp-content\/uploads\/Captura-de-pantalla-2026-04-29-173403.png","width":743,"height":495},{"@type":"BreadcrumbList","@id":"https:\/\/www.secartys.org\/es\/secartys-participa-en-el-programa-que-capacitara-a-empresas-catalanas-para-acceder-al-sector-de-la-seguridad-y-la-defensa\/#breadcrumb","itemListElement":[{"@type":"ListItem","position":1,"name":"Portada","item":"https:\/\/www.secartys.org\/es\/"},{"@type":"ListItem","position":2,"name":"Secartys participa en el programa que capacitar\u00e1 a empresas catalanas para acceder al sector de la seguridad y la defensa"}]},{"@type":"WebSite","@id":"https:\/\/www.secartys.org\/es\/#website","url":"https:\/\/www.secartys.org\/es\/","name":"Secartys","description":"Secartys es una agrupaci\u00f3n empresarial sin \u00e1nimo de lucro que dedica sus esfuerzos a fomentar la competitividad de sus asociados.","publisher":{"@id":"https:\/\/www.secartys.org\/es\/#organization"},"potentialAction":[{"@type":"SearchAction","target":{"@type":"EntryPoint","urlTemplate":"https:\/\/www.secartys.org\/es\/?s={search_term_string}"},"query-input":{"@type":"PropertyValueSpecification","valueRequired":true,"valueName":"search_term_string"}}],"inLanguage":"es"},{"@type":"Organization","@id":"https:\/\/www.secartys.org\/es\/#organization","name":"SECARTYS","url":"https:\/\/www.secartys.org\/es\/","logo":{"@type":"ImageObject","inLanguage":"es","@id":"https:\/\/www.secartys.org\/es\/#\/schema\/logo\/image\/","url":"https:\/\/www.secartys.org\/wp-content\/uploads\/logo-secartys-web-oficial.png","contentUrl":"https:\/\/www.secartys.org\/wp-content\/uploads\/logo-secartys-web-oficial.png","width":400,"height":120,"caption":"SECARTYS"},"image":{"@id":"https:\/\/www.secartys.org\/es\/#\/schema\/logo\/image\/"},"sameAs":["https:\/\/x.com\/SECARTYS","https:\/\/www.linkedin.com\/company\/secartys\/","https:\/\/www.youtube.com\/user\/secartys\/"]},{"@type":"Person","@id":"https:\/\/www.secartys.org\/es\/#\/schema\/person\/3ec92591105bc3394dd3e84577929c80","name":"Secartys","sameAs":["https:\/\/x.com\/Secartys"]}]}},"_links":{"self":[{"href":"https:\/\/www.secartys.org\/es\/wp-json\/wp\/v2\/posts\/34084","targetHints":{"allow":["GET"]}}],"collection":[{"href":"https:\/\/www.secartys.org\/es\/wp-json\/wp\/v2\/posts"}],"about":[{"href":"https:\/\/www.secartys.org\/es\/wp-json\/wp\/v2\/types\/post"}],"author":[{"embeddable":true,"href":"https:\/\/www.secartys.org\/es\/wp-json\/wp\/v2\/users\/1"}],"replies":[{"embeddable":true,"href":"https:\/\/www.secartys.org\/es\/wp-json\/wp\/v2\/comments?post=34084"}],"version-history":[{"count":7,"href":"https:\/\/www.secartys.org\/es\/wp-json\/wp\/v2\/posts\/34084\/revisions"}],"predecessor-version":[{"id":34093,"href":"https:\/\/www.secartys.org\/es\/wp-json\/wp\/v2\/posts\/34084\/revisions\/34093"}],"wp:featuredmedia":[{"embeddable":true,"href":"https:\/\/www.secartys.org\/es\/wp-json\/wp\/v2\/media\/34086"}],"wp:attachment":[{"href":"https:\/\/www.secartys.org\/es\/wp-json\/wp\/v2\/media?parent=34084"}],"wp:term":[{"taxonomy":"category","embeddable":true,"href":"https:\/\/www.secartys.org\/es\/wp-json\/wp\/v2\/categories?post=34084"},{"taxonomy":"post_tag","embeddable":true,"href":"https:\/\/www.secartys.org\/es\/wp-json\/wp\/v2\/tags?post=34084"}],"curies":[{"name":"wp","href":"https:\/\/api.w.org\/{rel}","templated":true}]}}